{"id":11045,"date":"2025-05-30T20:23:30","date_gmt":"2025-05-30T20:23:30","guid":{"rendered":"https:\/\/deltafm.com.uy\/sitio\/?p=11045"},"modified":"2025-05-30T20:23:30","modified_gmt":"2025-05-30T20:23:30","slug":"disponen-arresto-domiciliario-total-a-presunto-autor-de-abuso-sexual-en-jose-pedro-varela","status":"publish","type":"post","link":"https:\/\/deltafm.com.uy\/sitio\/2025\/05\/30\/disponen-arresto-domiciliario-total-a-presunto-autor-de-abuso-sexual-en-jose-pedro-varela\/","title":{"rendered":"Disponen arresto domiciliario total a presunto autor de abuso sexual en Jos\u00e9 Pedro Varela"},"content":{"rendered":"<h3>Formalizan la investigaci\u00f3n contra un hombre de 37 a\u00f1os tras ser denunciado por abusar de una ni\u00f1a de 12 a\u00f1os<\/h3>\n<h3>Luego de permanecer con medidas cautelares de prohibici\u00f3n de comunicaci\u00f3n y acercamiento desde que fue radicada la denuncia, desde el Juzgado de 1er turno se accedi\u00f3 al pedido de la doctora Marlene Canosa y se dispuso para D.R.S.A el arresto domiciliario total con portaci\u00f3n de dispositivo electr\u00f3nico como medida cautelar por 120 d\u00edas hasta dictaminar la sentencia definitiva.<\/h3>\n<h3>En este caso intervino la Oficina local de Violencia Dom\u00e9stica y G\u00e9nero bajo lineamientos de la Direcci\u00f3n departamental y la Fiscal de 2do turno, y del Juzgado de Paz de 7ma secci\u00f3n, emiti\u00e9ndose directivas para INAU y la mutualista donde se atiende la ni\u00f1a para recibir contenci\u00f3n y asistencia psicol\u00f3gica.<\/h3>\n","protected":false},"excerpt":{"rendered":"<p>Formalizan la investigaci\u00f3n contra un hombre de 37 a\u00f1os tras ser denunciado por abusar de una ni\u00f1a de 12 a\u00f1os Luego de permanecer con medidas cautelares de prohibici\u00f3n de comunicaci\u00f3n y acercamiento desde que fue radicada la denuncia, desde el Juzgado de 1er turno se accedi\u00f3 al pedido de la doctora Marlene Canosa y se&#8230;<\/p>\n<p><a rel=\"bookmark\" class=\"decibel-button-text wvc-button wvc-button-size-sm\" href=\"https:\/\/deltafm.com.uy\/sitio\/2025\/05\/30\/disponen-arresto-domiciliario-total-a-presunto-autor-de-abuso-sexual-en-jose-pedro-varela\/\"><small class=\"wvc-button-background-fill\"><\/small><span>continue reading<\/span><\/a><\/p>\n","protected":false},"author":2,"featured_media":11046,"comment_status":"open","ping_status":"open","sticky":false,"template":"","format":"standard","meta":{"_joinchat":[],"footnotes":""},"categories":[17],"tags":[],"class_list":["post-11045","post","type-post","status-publish","format-standard","has-post-thumbnail","hentry","category-news","entry-post-skin-dark","entry","clearfix","entry-post-module-layout-sidebar-right","thumbnail-color-tone-dark","metro-landscape","entry-post","entry-standard","entry-post-standard"],"_links":{"self":[{"href":"https:\/\/deltafm.com.uy\/sitio\/wp-json\/wp\/v2\/posts\/11045"}],"collection":[{"href":"https:\/\/deltafm.com.uy\/sitio\/wp-json\/wp\/v2\/posts"}],"about":[{"href":"https:\/\/deltafm.com.uy\/sitio\/wp-json\/wp\/v2\/types\/post"}],"author":[{"embeddable":true,"href":"https:\/\/deltafm.com.uy\/sitio\/wp-json\/wp\/v2\/users\/2"}],"replies":[{"embeddable":true,"href":"https:\/\/deltafm.com.uy\/sitio\/wp-json\/wp\/v2\/comments?post=11045"}],"version-history":[{"count":1,"href":"https:\/\/deltafm.com.uy\/sitio\/wp-json\/wp\/v2\/posts\/11045\/revisions"}],"predecessor-version":[{"id":11047,"href":"https:\/\/deltafm.com.uy\/sitio\/wp-json\/wp\/v2\/posts\/11045\/revisions\/11047"}],"wp:featuredmedia":[{"embeddable":true,"href":"https:\/\/deltafm.com.uy\/sitio\/wp-json\/wp\/v2\/media\/11046"}],"wp:attachment":[{"href":"https:\/\/deltafm.com.uy\/sitio\/wp-json\/wp\/v2\/media?parent=11045"}],"wp:term":[{"taxonomy":"category","embeddable":true,"href":"https:\/\/deltafm.com.uy\/sitio\/wp-json\/wp\/v2\/categories?post=11045"},{"taxonomy":"post_tag","embeddable":true,"href":"https:\/\/deltafm.com.uy\/sitio\/wp-json\/wp\/v2\/tags?post=11045"}],"curies":[{"name":"wp","href":"https:\/\/api.w.org\/{rel}","templated":true}]}}