{"id":11192,"date":"2026-02-27T18:11:45","date_gmt":"2026-02-27T18:11:45","guid":{"rendered":"https:\/\/deltafm.com.uy\/sitio\/?p=11192"},"modified":"2026-02-27T18:11:45","modified_gmt":"2026-02-27T18:11:45","slug":"recuperan-una-moto-hurtada-en-jose-pedro-varela","status":"publish","type":"post","link":"https:\/\/deltafm.com.uy\/sitio\/2026\/02\/27\/recuperan-una-moto-hurtada-en-jose-pedro-varela\/","title":{"rendered":"Recuperan una moto hurtada en Jos\u00e9 Pedro Varela"},"content":{"rendered":"<h3>Accionar del Grupo de Reserva T\u00e1ctica de Treinta y Tres permiti\u00f3 recuperar una moto poco despu\u00e9s de ser denunciada por hurto<\/h3>\n<h3>El veh\u00edculo, que se encontraba con las llaves de encendido puestas, casco sobre el asiento y documentaci\u00f3n debajo, fue hurtado en la noche del jueves desde un taller mec\u00e1nico; y al constatar la falta su propietario fue tras el responsable rumbo al Departamento de Treinta y Tres hasta llegar a la localidad de Villa Sara para radicar la denuncia, dando aviso al GRT y a las comisarias lim\u00edtrofes.<\/h3>\n<h3>Con los datos reportados por el CCUD de Jefatura de Treinta y Tres, los actuantes observaron una moto similar circulando sobre el puente del R\u00edo Olimar, cuyo conductor al constatar la presencia policial realiz\u00f3 un giro regresando al sur, continuando por la calle paralela a ruta 8 hasta abandonarla al llegar a un campo ubicado al final de calle Salto.<\/h3>\n<h3>Respecto al veh\u00edculo, se encuentra en Seccional 7a, al tiempo que se procura la identificaci\u00f3n y detenci\u00f3n del responsable del hurto.<\/h3>\n","protected":false},"excerpt":{"rendered":"<p>Accionar del Grupo de Reserva T\u00e1ctica de Treinta y Tres permiti\u00f3 recuperar una moto poco despu\u00e9s de ser denunciada por hurto El veh\u00edculo, que se encontraba con las llaves de encendido puestas, casco sobre el asiento y documentaci\u00f3n debajo, fue hurtado en la noche del jueves desde un taller mec\u00e1nico; y al constatar la falta&#8230;<\/p>\n<p><a rel=\"bookmark\" class=\"decibel-button-text wvc-button wvc-button-size-sm\" href=\"https:\/\/deltafm.com.uy\/sitio\/2026\/02\/27\/recuperan-una-moto-hurtada-en-jose-pedro-varela\/\"><small class=\"wvc-button-background-fill\"><\/small><span>continue reading<\/span><\/a><\/p>\n","protected":false},"author":2,"featured_media":11193,"comment_status":"open","ping_status":"open","sticky":false,"template":"","format":"standard","meta":{"_joinchat":[],"footnotes":""},"categories":[17],"tags":[],"class_list":["post-11192","post","type-post","status-publish","format-standard","has-post-thumbnail","hentry","category-news","entry-post-skin-dark","entry","clearfix","entry-post-module-layout-sidebar-right","thumbnail-color-tone-dark","entry-post","entry-standard","entry-post-standard"],"_links":{"self":[{"href":"https:\/\/deltafm.com.uy\/sitio\/wp-json\/wp\/v2\/posts\/11192"}],"collection":[{"href":"https:\/\/deltafm.com.uy\/sitio\/wp-json\/wp\/v2\/posts"}],"about":[{"href":"https:\/\/deltafm.com.uy\/sitio\/wp-json\/wp\/v2\/types\/post"}],"author":[{"embeddable":true,"href":"https:\/\/deltafm.com.uy\/sitio\/wp-json\/wp\/v2\/users\/2"}],"replies":[{"embeddable":true,"href":"https:\/\/deltafm.com.uy\/sitio\/wp-json\/wp\/v2\/comments?post=11192"}],"version-history":[{"count":1,"href":"https:\/\/deltafm.com.uy\/sitio\/wp-json\/wp\/v2\/posts\/11192\/revisions"}],"predecessor-version":[{"id":11194,"href":"https:\/\/deltafm.com.uy\/sitio\/wp-json\/wp\/v2\/posts\/11192\/revisions\/11194"}],"wp:featuredmedia":[{"embeddable":true,"href":"https:\/\/deltafm.com.uy\/sitio\/wp-json\/wp\/v2\/media\/11193"}],"wp:attachment":[{"href":"https:\/\/deltafm.com.uy\/sitio\/wp-json\/wp\/v2\/media?parent=11192"}],"wp:term":[{"taxonomy":"category","embeddable":true,"href":"https:\/\/deltafm.com.uy\/sitio\/wp-json\/wp\/v2\/categories?post=11192"},{"taxonomy":"post_tag","embeddable":true,"href":"https:\/\/deltafm.com.uy\/sitio\/wp-json\/wp\/v2\/tags?post=11192"}],"curies":[{"name":"wp","href":"https:\/\/api.w.org\/{rel}","templated":true}]}}