{"id":7979,"date":"2020-08-17T19:53:51","date_gmt":"2020-08-17T19:53:51","guid":{"rendered":"https:\/\/deltafm.com.uy\/sitio\/?p=7979"},"modified":"2020-08-17T19:53:51","modified_gmt":"2020-08-17T19:53:51","slug":"metsul-anuncia-nieve-en-uruguay-inumet-dice-que-podria-ocurrir-en-zonas-altas-del-este","status":"publish","type":"post","link":"https:\/\/deltafm.com.uy\/sitio\/2020\/08\/17\/metsul-anuncia-nieve-en-uruguay-inumet-dice-que-podria-ocurrir-en-zonas-altas-del-este\/","title":{"rendered":"Metsul anuncia nieve en Uruguay; Inumet dice que podr\u00eda ocurrir en zonas altas del Este"},"content":{"rendered":"<h3>Desde el mi\u00e9rcoles se espera un marcado descenso de temperatura. Para que efectivamente haya nevadas es necesario adem\u00e1s que haya precipitaciones.<\/h3>\n<h3>El servicio de meteorolog\u00eda brasile\u00f1o Metsul advierte por la llegada de una masa de aire polar enorme y muy intensa que afectar\u00e1 a pr\u00e1cticamente la mitad del territorio brasile\u00f1o y parte de Am\u00e9rica del Sur, incluido Uruguay.<\/h3>\n<h3>El fen\u00f3meno, que se anuncia para esta semana, podr\u00e1 ser \u00abun evento hist\u00f3rico de fr\u00edo y nieve\u00bb y si bien masas de aire fr\u00edo ocurren todos los a\u00f1os \u00ab\u00e9sta ser\u00e1 excepcionalmente fuerte y extensa, dice la empresa.<\/h3>\n<h3>El descenso de temperatura se sentir\u00e1 a partir del mi\u00e9rcoles en R\u00edo Grande del Sur con vientos moderados a fuertes que traer\u00e1 sensaciones t\u00e9rmicas muy bajas.<\/h3>\n<h3>Los modelos consultados por Metsul se\u00f1alan que nevar\u00e1 en Uruguay, cerca de Buenos Aires y en las provincias argentinas de Santa Fe y Entre R\u00edos, en la mayor parte de R\u00edo Grande del Sur, Santa Catalina, Paran\u00e1, Curitiba y el sur el estado de San Pablo.<\/h3>\n<h3>Desde el Instituto Nacional de Meteorolog\u00eda de Uruguay se emiti\u00f3 un aviso por la irrupci\u00f3n de aire muy fr\u00edo a partir del mi\u00e9rcoles 19 de agosto.<\/h3>\n<h3>\u00abIngresar\u00e1 una masa de aire muy fr\u00eda al sur del R\u00edo Negro generando bajas temperaturas y muy bajas sensaciones t\u00e9rmicas, situaci\u00f3n que se extender\u00e1 hacia el norte del pa\u00eds el jueves 20; persistiendo al menos hasta el s\u00e1bado 22 de agosto en todo el territorio\u00bb.<\/h3>\n<h3>\u00abDurante este evento se prev\u00e9 la formaci\u00f3n de heladas y la ocurrencia de precipitaciones escasas, agua nieve y\/o graupel e incluso probabilidad de nieve en la zona altas del Este del pa\u00eds<\/h3>\n","protected":false},"excerpt":{"rendered":"<p>Desde el mi\u00e9rcoles se espera un marcado descenso de temperatura. Para que efectivamente haya nevadas es necesario adem\u00e1s que haya precipitaciones. El servicio de meteorolog\u00eda brasile\u00f1o Metsul advierte por la llegada de una masa de aire polar enorme y muy intensa que afectar\u00e1 a pr\u00e1cticamente la mitad del territorio brasile\u00f1o y parte de Am\u00e9rica del&#8230;<\/p>\n<p><a rel=\"bookmark\" class=\"decibel-button-text wvc-button wvc-button-size-sm wolf-core-button wolf-core-button-size-sm\" href=\"https:\/\/deltafm.com.uy\/sitio\/2020\/08\/17\/metsul-anuncia-nieve-en-uruguay-inumet-dice-que-podria-ocurrir-en-zonas-altas-del-este\/\"><small class=\"wvc-button-background-fill wolf-core-button-background-fill\"><\/small><span>seguir leyendo<\/span><\/a><\/p>\n","protected":false},"author":2,"featured_media":7980,"comment_status":"open","ping_status":"open","sticky":false,"template":"","format":"standard","meta":{"_joinchat":[],"footnotes":""},"categories":[17],"tags":[],"class_list":["post-7979","post","type-post","status-publish","format-standard","has-post-thumbnail","hentry","category-news","entry-post-skin-dark","entry","clearfix","entry-post-module-layout-sidebar-right","thumbnail-color-tone-dark","entry-post","entry-standard","entry-post-standard"],"_links":{"self":[{"href":"https:\/\/deltafm.com.uy\/sitio\/wp-json\/wp\/v2\/posts\/7979","targetHints":{"allow":["GET"]}}],"collection":[{"href":"https:\/\/deltafm.com.uy\/sitio\/wp-json\/wp\/v2\/posts"}],"about":[{"href":"https:\/\/deltafm.com.uy\/sitio\/wp-json\/wp\/v2\/types\/post"}],"author":[{"embeddable":true,"href":"https:\/\/deltafm.com.uy\/sitio\/wp-json\/wp\/v2\/users\/2"}],"replies":[{"embeddable":true,"href":"https:\/\/deltafm.com.uy\/sitio\/wp-json\/wp\/v2\/comments?post=7979"}],"version-history":[{"count":1,"href":"https:\/\/deltafm.com.uy\/sitio\/wp-json\/wp\/v2\/posts\/7979\/revisions"}],"predecessor-version":[{"id":7981,"href":"https:\/\/deltafm.com.uy\/sitio\/wp-json\/wp\/v2\/posts\/7979\/revisions\/7981"}],"wp:featuredmedia":[{"embeddable":true,"href":"https:\/\/deltafm.com.uy\/sitio\/wp-json\/wp\/v2\/media\/7980"}],"wp:attachment":[{"href":"https:\/\/deltafm.com.uy\/sitio\/wp-json\/wp\/v2\/media?parent=7979"}],"wp:term":[{"taxonomy":"category","embeddable":true,"href":"https:\/\/deltafm.com.uy\/sitio\/wp-json\/wp\/v2\/categories?post=7979"},{"taxonomy":"post_tag","embeddable":true,"href":"https:\/\/deltafm.com.uy\/sitio\/wp-json\/wp\/v2\/tags?post=7979"}],"curies":[{"name":"wp","href":"https:\/\/api.w.org\/{rel}","templated":true}]}}