{"id":8010,"date":"2020-08-27T17:02:02","date_gmt":"2020-08-27T17:02:02","guid":{"rendered":"https:\/\/deltafm.com.uy\/sitio\/?p=8010"},"modified":"2020-08-27T17:02:02","modified_gmt":"2020-08-27T17:02:02","slug":"consejos-a-los-propietarios-de-vehiculos","status":"publish","type":"post","link":"https:\/\/deltafm.com.uy\/sitio\/2020\/08\/27\/consejos-a-los-propietarios-de-vehiculos\/","title":{"rendered":"Consejos a los propietarios de veh\u00edculos"},"content":{"rendered":"<h3>El comando de la Jefatura de Lavalleja recomienda no dejar su veh\u00edculo abierto en la v\u00eda p\u00fablica, menos a\u00fan con las llaves puestas. Si desciende aunque sea solo por un instante, no deje el motor encendido, esta situaci\u00f3n resulta un mecanismo facilitador para ciudadanos en conflicto con ley que optan por la v\u00eda del hurto como medio de vida.<\/h3>\n<h3>Procure no dejar bolsos, valijas de herramientas, bultos o elementos de valor a la vista. Esto evitar\u00e1 el hurto o da\u00f1os al sustraerlos.<\/h3>\n<h3>Con relaci\u00f3n a los bi rodados, al descender evite dejarlos con las llaves puestas aunque sea por un instante. Cuide la seguridad de su veh\u00edculo y de ser necesario utilice una mecanismo extra que no sea s\u00f3lo la de origen \u2013ll\u00e1mese candado o cadena-. Aplique estas medidas de seguridad tambi\u00e9n para las bicicletas.<\/h3>\n<h3>Nuestro entorno es un lugar tur\u00edstico y convive con visitantes durante todo el a\u00f1o, pero en estos tiempos donde se siente la merma en el tr\u00e1nsito de la ciudad es cuando m\u00e1s atentos a estas consejos de seguridad debemos estar.<\/h3>\n<h3>La Polic\u00eda Nacional est\u00e1 a tu servicio, ay\u00fadanos a cuidarte.<\/h3>\n","protected":false},"excerpt":{"rendered":"<p>El comando de la Jefatura de Lavalleja recomienda no dejar su veh\u00edculo abierto en la v\u00eda p\u00fablica, menos a\u00fan con las llaves puestas. Si desciende aunque sea solo por un instante, no deje el motor encendido, esta situaci\u00f3n resulta un mecanismo facilitador para ciudadanos en conflicto con ley que optan por la v\u00eda del hurto&#8230;<\/p>\n<p><a rel=\"bookmark\" class=\"decibel-button-text wvc-button wvc-button-size-sm wolf-core-button wolf-core-button-size-sm\" href=\"https:\/\/deltafm.com.uy\/sitio\/2020\/08\/27\/consejos-a-los-propietarios-de-vehiculos\/\"><small class=\"wvc-button-background-fill wolf-core-button-background-fill\"><\/small><span>seguir leyendo<\/span><\/a><\/p>\n","protected":false},"author":2,"featured_media":8011,"comment_status":"open","ping_status":"open","sticky":false,"template":"","format":"standard","meta":{"_joinchat":[],"footnotes":""},"categories":[17],"tags":[],"class_list":["post-8010","post","type-post","status-publish","format-standard","has-post-thumbnail","hentry","category-news","entry-post-skin-dark","entry","clearfix","entry-post-module-layout-sidebar-right","thumbnail-color-tone-dark","entry-post","entry-standard","entry-post-standard"],"_links":{"self":[{"href":"https:\/\/deltafm.com.uy\/sitio\/wp-json\/wp\/v2\/posts\/8010","targetHints":{"allow":["GET"]}}],"collection":[{"href":"https:\/\/deltafm.com.uy\/sitio\/wp-json\/wp\/v2\/posts"}],"about":[{"href":"https:\/\/deltafm.com.uy\/sitio\/wp-json\/wp\/v2\/types\/post"}],"author":[{"embeddable":true,"href":"https:\/\/deltafm.com.uy\/sitio\/wp-json\/wp\/v2\/users\/2"}],"replies":[{"embeddable":true,"href":"https:\/\/deltafm.com.uy\/sitio\/wp-json\/wp\/v2\/comments?post=8010"}],"version-history":[{"count":2,"href":"https:\/\/deltafm.com.uy\/sitio\/wp-json\/wp\/v2\/posts\/8010\/revisions"}],"predecessor-version":[{"id":8013,"href":"https:\/\/deltafm.com.uy\/sitio\/wp-json\/wp\/v2\/posts\/8010\/revisions\/8013"}],"wp:featuredmedia":[{"embeddable":true,"href":"https:\/\/deltafm.com.uy\/sitio\/wp-json\/wp\/v2\/media\/8011"}],"wp:attachment":[{"href":"https:\/\/deltafm.com.uy\/sitio\/wp-json\/wp\/v2\/media?parent=8010"}],"wp:term":[{"taxonomy":"category","embeddable":true,"href":"https:\/\/deltafm.com.uy\/sitio\/wp-json\/wp\/v2\/categories?post=8010"},{"taxonomy":"post_tag","embeddable":true,"href":"https:\/\/deltafm.com.uy\/sitio\/wp-json\/wp\/v2\/tags?post=8010"}],"curies":[{"name":"wp","href":"https:\/\/api.w.org\/{rel}","templated":true}]}}