{"id":8015,"date":"2020-08-27T17:16:21","date_gmt":"2020-08-27T17:16:21","guid":{"rendered":"https:\/\/deltafm.com.uy\/sitio\/?p=8015"},"modified":"2020-08-27T17:16:21","modified_gmt":"2020-08-27T17:16:21","slug":"vacaciones-de-primavera-codicen-aprobo-libre-el-lunes-21-y-el-martes-22","status":"publish","type":"post","link":"https:\/\/deltafm.com.uy\/sitio\/2020\/08\/27\/vacaciones-de-primavera-codicen-aprobo-libre-el-lunes-21-y-el-martes-22\/","title":{"rendered":"Vacaciones de Primavera: Codicen aprob\u00f3 libre el lunes 21 y el martes 22"},"content":{"rendered":"<h3>El Consejo Directivo Central (<a class=\"agrupador\" href=\"https:\/\/www.subrayado.com.uy\/codicen-a979\" rel=\"979\">Codicen<\/a>) de la\u00a0<a class=\"agrupador\" href=\"https:\/\/www.subrayado.com.uy\/anep-a198\" rel=\"198\">ANEP<\/a> aprob\u00f3 un asueto de dos d\u00edas, en el marco de la emergencia sanitaria y no una semana de <a class=\"agrupador\" href=\"https:\/\/www.subrayado.com.uy\/vacaciones-a9780\" rel=\"9780\">vacaciones<\/a>\u00a0en Primavera, como en a\u00f1os anteriores.<\/h3>\n<h3>El lunes 21 de setiembre, D\u00eda del Estudiante, y el martes 22, D\u00eda del Maestro, no habr\u00e1 clases en las escuelas, liceos y escuelas t\u00e9cnicas de UTU, confirm\u00f3\u00a0el consejero del Codicen, Juan Gabito.<\/h3>\n<h3>La actividad se reinicia el mi\u00e9rcoles 23 de setiembre con la Promesa de la Bandera en Primaria y la Jura de la Bandera a nivel de la ense\u00f1anza media.<\/h3>\n<h3>Tanto el mi\u00e9rcoles 23, como el jueves 24 y viernes 25 habr\u00e1 clases normalmente y ex\u00e1menes.<\/h3>\n<h3>Gabito explic\u00f3 que los privados cuentan con cinco d\u00edas de asueto por a\u00f1o que los administran de acuerdo a sus necesidades, ya sea en campamentos, colonias de vacaciones o feriados religiosos.<\/h3>\n<h3>Algunos centros educativos privados dieron libre el pasado lunes 24 de agosto, indic\u00f3.<\/h3>\n","protected":false},"excerpt":{"rendered":"<p>El Consejo Directivo Central (Codicen) de la\u00a0ANEP aprob\u00f3 un asueto de dos d\u00edas, en el marco de la emergencia sanitaria y no una semana de vacaciones\u00a0en Primavera, como en a\u00f1os anteriores. El lunes 21 de setiembre, D\u00eda del Estudiante, y el martes 22, D\u00eda del Maestro, no habr\u00e1 clases en las escuelas, liceos y escuelas&#8230;<\/p>\n<p><a rel=\"bookmark\" class=\"decibel-button-text wvc-button wvc-button-size-sm wolf-core-button wolf-core-button-size-sm\" href=\"https:\/\/deltafm.com.uy\/sitio\/2020\/08\/27\/vacaciones-de-primavera-codicen-aprobo-libre-el-lunes-21-y-el-martes-22\/\"><small class=\"wvc-button-background-fill wolf-core-button-background-fill\"><\/small><span>seguir leyendo<\/span><\/a><\/p>\n","protected":false},"author":2,"featured_media":8016,"comment_status":"open","ping_status":"open","sticky":false,"template":"","format":"standard","meta":{"_joinchat":[],"footnotes":""},"categories":[17],"tags":[],"class_list":["post-8015","post","type-post","status-publish","format-standard","has-post-thumbnail","hentry","category-news","entry-post-skin-dark","entry","clearfix","entry-post-module-layout-sidebar-right","thumbnail-color-tone-dark","metro-landscape","entry-post","entry-standard","entry-post-standard"],"_links":{"self":[{"href":"https:\/\/deltafm.com.uy\/sitio\/wp-json\/wp\/v2\/posts\/8015","targetHints":{"allow":["GET"]}}],"collection":[{"href":"https:\/\/deltafm.com.uy\/sitio\/wp-json\/wp\/v2\/posts"}],"about":[{"href":"https:\/\/deltafm.com.uy\/sitio\/wp-json\/wp\/v2\/types\/post"}],"author":[{"embeddable":true,"href":"https:\/\/deltafm.com.uy\/sitio\/wp-json\/wp\/v2\/users\/2"}],"replies":[{"embeddable":true,"href":"https:\/\/deltafm.com.uy\/sitio\/wp-json\/wp\/v2\/comments?post=8015"}],"version-history":[{"count":1,"href":"https:\/\/deltafm.com.uy\/sitio\/wp-json\/wp\/v2\/posts\/8015\/revisions"}],"predecessor-version":[{"id":8017,"href":"https:\/\/deltafm.com.uy\/sitio\/wp-json\/wp\/v2\/posts\/8015\/revisions\/8017"}],"wp:featuredmedia":[{"embeddable":true,"href":"https:\/\/deltafm.com.uy\/sitio\/wp-json\/wp\/v2\/media\/8016"}],"wp:attachment":[{"href":"https:\/\/deltafm.com.uy\/sitio\/wp-json\/wp\/v2\/media?parent=8015"}],"wp:term":[{"taxonomy":"category","embeddable":true,"href":"https:\/\/deltafm.com.uy\/sitio\/wp-json\/wp\/v2\/categories?post=8015"},{"taxonomy":"post_tag","embeddable":true,"href":"https:\/\/deltafm.com.uy\/sitio\/wp-json\/wp\/v2\/tags?post=8015"}],"curies":[{"name":"wp","href":"https:\/\/api.w.org\/{rel}","templated":true}]}}