{"id":8032,"date":"2020-08-31T17:00:12","date_gmt":"2020-08-31T17:00:12","guid":{"rendered":"https:\/\/deltafm.com.uy\/sitio\/?p=8032"},"modified":"2020-08-31T17:00:12","modified_gmt":"2020-08-31T17:00:12","slug":"investigan-hurto-en-vivienda-de-varela","status":"publish","type":"post","link":"https:\/\/deltafm.com.uy\/sitio\/2020\/08\/31\/investigan-hurto-en-vivienda-de-varela\/","title":{"rendered":"Investigan hurto en vivienda de Varela"},"content":{"rendered":"<h3>Polic\u00eda de Seccional 10ma trabaja sobre la denuncia de un hurto consumado en una vivienda de la localidad en<br \/>\nausencia de moradores, cuyo conocimiento se tom\u00f3 el d\u00eda de ayer.<br \/>\nLos efectivos de la mencionada unidad procuran identificar a quienes se llevaron varios art\u00edculos de hogar,<br \/>\ndos bicicletas, herramientas, equipos para realizar ejercicios f\u00edsicos, prendas de vestir y calzados, joyas y<br \/>\nalgunos documentos de propiedad pertenecientes a la propietaria, avaluando todo en aproximadamente<br \/>\ndoscientos mil pesos uruguayos.<br \/>\nSe estableci\u00f3 que el ingreso al lugar fue por el fondo de la vivienda mediante da\u00f1os en una puerta,<br \/>\nrelevamiento que fue realizado por Polic\u00eda Cient\u00edfica.<br \/>\nDe este hecho tom\u00f3 conocimiento la Fiscal de Turno, la cual dispuso actuaciones administrativas y \u00e9l envi\u00f3<br \/>\na pericia de los elementos recabados por los polic\u00edas actuantes en la escena.<\/h3>\n","protected":false},"excerpt":{"rendered":"<p>Polic\u00eda de Seccional 10ma trabaja sobre la denuncia de un hurto consumado en una vivienda de la localidad en ausencia de moradores, cuyo conocimiento se tom\u00f3 el d\u00eda de ayer. Los efectivos de la mencionada unidad procuran identificar a quienes se llevaron varios art\u00edculos de hogar, dos bicicletas, herramientas, equipos para realizar ejercicios f\u00edsicos, prendas&#8230;<\/p>\n<p><a rel=\"bookmark\" class=\"decibel-button-text wvc-button wvc-button-size-sm wolf-core-button wolf-core-button-size-sm\" href=\"https:\/\/deltafm.com.uy\/sitio\/2020\/08\/31\/investigan-hurto-en-vivienda-de-varela\/\"><small class=\"wvc-button-background-fill wolf-core-button-background-fill\"><\/small><span>seguir leyendo<\/span><\/a><\/p>\n","protected":false},"author":2,"featured_media":7954,"comment_status":"open","ping_status":"open","sticky":false,"template":"","format":"standard","meta":{"_joinchat":[],"footnotes":""},"categories":[17],"tags":[],"class_list":["post-8032","post","type-post","status-publish","format-standard","has-post-thumbnail","hentry","category-news","entry-post-skin-dark","entry","clearfix","entry-post-module-layout-sidebar-right","thumbnail-color-tone-dark","entry-post","entry-standard","entry-post-standard"],"_links":{"self":[{"href":"https:\/\/deltafm.com.uy\/sitio\/wp-json\/wp\/v2\/posts\/8032","targetHints":{"allow":["GET"]}}],"collection":[{"href":"https:\/\/deltafm.com.uy\/sitio\/wp-json\/wp\/v2\/posts"}],"about":[{"href":"https:\/\/deltafm.com.uy\/sitio\/wp-json\/wp\/v2\/types\/post"}],"author":[{"embeddable":true,"href":"https:\/\/deltafm.com.uy\/sitio\/wp-json\/wp\/v2\/users\/2"}],"replies":[{"embeddable":true,"href":"https:\/\/deltafm.com.uy\/sitio\/wp-json\/wp\/v2\/comments?post=8032"}],"version-history":[{"count":1,"href":"https:\/\/deltafm.com.uy\/sitio\/wp-json\/wp\/v2\/posts\/8032\/revisions"}],"predecessor-version":[{"id":8033,"href":"https:\/\/deltafm.com.uy\/sitio\/wp-json\/wp\/v2\/posts\/8032\/revisions\/8033"}],"wp:featuredmedia":[{"embeddable":true,"href":"https:\/\/deltafm.com.uy\/sitio\/wp-json\/wp\/v2\/media\/7954"}],"wp:attachment":[{"href":"https:\/\/deltafm.com.uy\/sitio\/wp-json\/wp\/v2\/media?parent=8032"}],"wp:term":[{"taxonomy":"category","embeddable":true,"href":"https:\/\/deltafm.com.uy\/sitio\/wp-json\/wp\/v2\/categories?post=8032"},{"taxonomy":"post_tag","embeddable":true,"href":"https:\/\/deltafm.com.uy\/sitio\/wp-json\/wp\/v2\/tags?post=8032"}],"curies":[{"name":"wp","href":"https:\/\/api.w.org\/{rel}","templated":true}]}}