{"id":8048,"date":"2020-09-01T16:45:15","date_gmt":"2020-09-01T16:45:15","guid":{"rendered":"https:\/\/deltafm.com.uy\/sitio\/?p=8048"},"modified":"2020-09-01T16:45:15","modified_gmt":"2020-09-01T16:45:15","slug":"actuaciones-por-dano-y-agravio-permitieron-formalizar-a-un-hombre-en-j-p-varela","status":"publish","type":"post","link":"https:\/\/deltafm.com.uy\/sitio\/2020\/09\/01\/actuaciones-por-dano-y-agravio-permitieron-formalizar-a-un-hombre-en-j-p-varela\/","title":{"rendered":"Actuaciones por da\u00f1o y agravio permitieron formalizar a un hombre en J.P Varela"},"content":{"rendered":"<h3>Fue formalizada la investigaci\u00f3n contra un hombre de 28 a\u00f1os oriundo de la ciudad de Jos\u00e9 Pedro Varela, tras el accionar de efectivos de Seccional 10ma.<\/h3>\n<h3>El implicado, consumidor problem\u00e1tico de sustancias, hab\u00eda sido derivado a la Seccional en circunstancias que polic\u00edas de esta realizaban patrullaje preventivo por la ciudad. All\u00ed le profiri\u00f3 agravios a una polic\u00eda, adem\u00e1s de realizar actos dentro del local que no le estaban permitidos.<\/h3>\n<h3>A estas acciones que quedaron registradas en los respectivos informes, se le sumaron las pruebas sobre los da\u00f1os provocados en un m\u00f3vil policial en el mes de mayo, tambi\u00e9n mientras era trasladado hacia la unidad policial.<\/h3>\n<h3>Enterada la Fiscal y remitido ante su Sede, fue formalizada la investigaci\u00f3n contra M.F, sin prisi\u00f3n preventiva por la presunta comisi\u00f3n de un delito de da\u00f1o agravado y un delito de agravio a la autoridad policial en r\u00e9gimen de reiteraci\u00f3n. Deber\u00e1 cumplir con una serie de medidas de coerci\u00f3n por el plazo de ciento veinte d\u00edas.<\/h3>\n<h3>Oficina de Prensa y RR.PP de Jefatura de Polic\u00eda de Lavalleja 20307846 25 de Mayo 450. Minas<\/h3>\n","protected":false},"excerpt":{"rendered":"<p>Fue formalizada la investigaci\u00f3n contra un hombre de 28 a\u00f1os oriundo de la ciudad de Jos\u00e9 Pedro Varela, tras el accionar de efectivos de Seccional 10ma. El implicado, consumidor problem\u00e1tico de sustancias, hab\u00eda sido derivado a la Seccional en circunstancias que polic\u00edas de esta realizaban patrullaje preventivo por la ciudad. All\u00ed le profiri\u00f3 agravios a&#8230;<\/p>\n<p><a rel=\"bookmark\" class=\"decibel-button-text wvc-button wvc-button-size-sm wolf-core-button wolf-core-button-size-sm\" href=\"https:\/\/deltafm.com.uy\/sitio\/2020\/09\/01\/actuaciones-por-dano-y-agravio-permitieron-formalizar-a-un-hombre-en-j-p-varela\/\"><small class=\"wvc-button-background-fill wolf-core-button-background-fill\"><\/small><span>seguir leyendo<\/span><\/a><\/p>\n","protected":false},"author":2,"featured_media":7827,"comment_status":"open","ping_status":"open","sticky":false,"template":"","format":"standard","meta":{"_joinchat":[],"footnotes":""},"categories":[17],"tags":[],"class_list":["post-8048","post","type-post","status-publish","format-standard","has-post-thumbnail","hentry","category-news","entry-post-skin-dark","entry","clearfix","entry-post-module-layout-sidebar-right","thumbnail-color-tone-dark","entry-post","entry-standard","entry-post-standard"],"_links":{"self":[{"href":"https:\/\/deltafm.com.uy\/sitio\/wp-json\/wp\/v2\/posts\/8048","targetHints":{"allow":["GET"]}}],"collection":[{"href":"https:\/\/deltafm.com.uy\/sitio\/wp-json\/wp\/v2\/posts"}],"about":[{"href":"https:\/\/deltafm.com.uy\/sitio\/wp-json\/wp\/v2\/types\/post"}],"author":[{"embeddable":true,"href":"https:\/\/deltafm.com.uy\/sitio\/wp-json\/wp\/v2\/users\/2"}],"replies":[{"embeddable":true,"href":"https:\/\/deltafm.com.uy\/sitio\/wp-json\/wp\/v2\/comments?post=8048"}],"version-history":[{"count":1,"href":"https:\/\/deltafm.com.uy\/sitio\/wp-json\/wp\/v2\/posts\/8048\/revisions"}],"predecessor-version":[{"id":8049,"href":"https:\/\/deltafm.com.uy\/sitio\/wp-json\/wp\/v2\/posts\/8048\/revisions\/8049"}],"wp:featuredmedia":[{"embeddable":true,"href":"https:\/\/deltafm.com.uy\/sitio\/wp-json\/wp\/v2\/media\/7827"}],"wp:attachment":[{"href":"https:\/\/deltafm.com.uy\/sitio\/wp-json\/wp\/v2\/media?parent=8048"}],"wp:term":[{"taxonomy":"category","embeddable":true,"href":"https:\/\/deltafm.com.uy\/sitio\/wp-json\/wp\/v2\/categories?post=8048"},{"taxonomy":"post_tag","embeddable":true,"href":"https:\/\/deltafm.com.uy\/sitio\/wp-json\/wp\/v2\/tags?post=8048"}],"curies":[{"name":"wp","href":"https:\/\/api.w.org\/{rel}","templated":true}]}}