{"id":8068,"date":"2020-09-03T15:34:06","date_gmt":"2020-09-03T15:34:06","guid":{"rendered":"https:\/\/deltafm.com.uy\/sitio\/?p=8068"},"modified":"2020-09-03T15:34:06","modified_gmt":"2020-09-03T15:34:06","slug":"aparecio-la-nina-de-12-anos-que-era-buscada-por-policia-de-lavalleja","status":"publish","type":"post","link":"https:\/\/deltafm.com.uy\/sitio\/2020\/09\/03\/aparecio-la-nina-de-12-anos-que-era-buscada-por-policia-de-lavalleja\/","title":{"rendered":"Apareci\u00f3 la ni\u00f1a de 12 a\u00f1os que era buscada por polic\u00eda de Lavalleja"},"content":{"rendered":"<h3>En la tarde de ayer fue localizada la ni\u00f1a de 12 a\u00f1os que era intensamente buscada por familiares y polic\u00eda de Jos\u00e9 Pedro Varela.<\/h3>\n<h3>Si bien se investigan las circunstancias de la desaparici\u00f3n y su<br \/>\nlocalizaci\u00f3n, se est\u00e1 en condiciones de informar que la ni\u00f1a se ausent\u00f3 de su hogar pr\u00f3ximo a la hora 03.00 de la madrugada de ayer, mientras su madre descansaba, notando su falta cuando la pareja de \u00e9sta lleg\u00f3 de trabajar a la hora 06.00.<\/h3>\n<h3>Una vez que efectivos de Seccional 10ma tomaron conocimiento del hecho dieron cuenta a la Sra. Juez de Paz de<br \/>\nla jurisdicci\u00f3n, accionando la b\u00fasqueda, hasta que pr\u00f3ximo a la hora 16.00 la madre comunic\u00f3 que la misma<br \/>\nhab\u00eda aparecido en la vivienda de su ex pareja.<\/h3>\n<h3>Al tomar conocimiento nuevamente, la Sra. Juez dispuso de manera preventiva medidas de protecci\u00f3n para la ni\u00f1a,<br \/>\ndeterminando la restricci\u00f3n de acercamiento este ciudadano -ex pareja de la madre-. As\u00ed mismo dispuso se contin\u00faen con diligencias de investigaci\u00f3n y de \u00edndole administrativo.<\/h3>\n<h3>Por otra parte la Fiscal de 2do. Turno dispuso el an\u00e1lisis de aparatos telef\u00f3nicos y otras actuaciones que se diligencian.<\/h3>\n<h3><\/h3>\n<h3>Oficina de Prensa y RR.PP de Jefatura de Polic\u00eda de Lavalleja 20307846 25 de Mayo 450. Minas<\/h3>\n","protected":false},"excerpt":{"rendered":"<p>En la tarde de ayer fue localizada la ni\u00f1a de 12 a\u00f1os que era intensamente buscada por familiares y polic\u00eda de Jos\u00e9 Pedro Varela. Si bien se investigan las circunstancias de la desaparici\u00f3n y su localizaci\u00f3n, se est\u00e1 en condiciones de informar que la ni\u00f1a se ausent\u00f3 de su hogar pr\u00f3ximo a la hora 03.00&#8230;<\/p>\n<p><a rel=\"bookmark\" class=\"decibel-button-text wvc-button wvc-button-size-sm wolf-core-button wolf-core-button-size-sm\" href=\"https:\/\/deltafm.com.uy\/sitio\/2020\/09\/03\/aparecio-la-nina-de-12-anos-que-era-buscada-por-policia-de-lavalleja\/\"><small class=\"wvc-button-background-fill wolf-core-button-background-fill\"><\/small><span>seguir leyendo<\/span><\/a><\/p>\n","protected":false},"author":2,"featured_media":7925,"comment_status":"open","ping_status":"open","sticky":false,"template":"","format":"standard","meta":{"_joinchat":[],"footnotes":""},"categories":[17],"tags":[],"class_list":["post-8068","post","type-post","status-publish","format-standard","has-post-thumbnail","hentry","category-news","entry-post-skin-dark","entry","clearfix","entry-post-module-layout-sidebar-right","thumbnail-color-tone-dark","metro-landscape","entry-post","entry-standard","entry-post-standard"],"_links":{"self":[{"href":"https:\/\/deltafm.com.uy\/sitio\/wp-json\/wp\/v2\/posts\/8068","targetHints":{"allow":["GET"]}}],"collection":[{"href":"https:\/\/deltafm.com.uy\/sitio\/wp-json\/wp\/v2\/posts"}],"about":[{"href":"https:\/\/deltafm.com.uy\/sitio\/wp-json\/wp\/v2\/types\/post"}],"author":[{"embeddable":true,"href":"https:\/\/deltafm.com.uy\/sitio\/wp-json\/wp\/v2\/users\/2"}],"replies":[{"embeddable":true,"href":"https:\/\/deltafm.com.uy\/sitio\/wp-json\/wp\/v2\/comments?post=8068"}],"version-history":[{"count":1,"href":"https:\/\/deltafm.com.uy\/sitio\/wp-json\/wp\/v2\/posts\/8068\/revisions"}],"predecessor-version":[{"id":8069,"href":"https:\/\/deltafm.com.uy\/sitio\/wp-json\/wp\/v2\/posts\/8068\/revisions\/8069"}],"wp:featuredmedia":[{"embeddable":true,"href":"https:\/\/deltafm.com.uy\/sitio\/wp-json\/wp\/v2\/media\/7925"}],"wp:attachment":[{"href":"https:\/\/deltafm.com.uy\/sitio\/wp-json\/wp\/v2\/media?parent=8068"}],"wp:term":[{"taxonomy":"category","embeddable":true,"href":"https:\/\/deltafm.com.uy\/sitio\/wp-json\/wp\/v2\/categories?post=8068"},{"taxonomy":"post_tag","embeddable":true,"href":"https:\/\/deltafm.com.uy\/sitio\/wp-json\/wp\/v2\/tags?post=8068"}],"curies":[{"name":"wp","href":"https:\/\/api.w.org\/{rel}","templated":true}]}}