{"id":8073,"date":"2020-09-07T15:41:37","date_gmt":"2020-09-07T15:41:37","guid":{"rendered":"https:\/\/deltafm.com.uy\/sitio\/?p=8073"},"modified":"2020-09-07T15:41:37","modified_gmt":"2020-09-07T15:41:37","slug":"policia-de-lavalleja-desmantelo-organizacion-criminal-que-operaba-en-jose-pedro-varela","status":"publish","type":"post","link":"https:\/\/deltafm.com.uy\/sitio\/2020\/09\/07\/policia-de-lavalleja-desmantelo-organizacion-criminal-que-operaba-en-jose-pedro-varela\/","title":{"rendered":"Polic\u00eda de Lavalleja desmantel\u00f3 organizaci\u00f3n criminal que operaba en Jos\u00e9 Pedro Varela"},"content":{"rendered":"<h3>Tras ardua investigaci\u00f3n la Brigada Departamental Antidrogas logr\u00f3 reunir pruebas sustanciales para desarticular una organizaci\u00f3n delictiva que operaba en la ciudad de Jos\u00e9 Pedro Varela y remitir a ocho personas a la justicia implicadas en la venta, tr\u00e1fico de estupefacientes, tenencia y tr\u00e1fico de armas as\u00ed como asociaci\u00f3n para delinquir.<\/h3>\n<h3>Este procedimiento Policial comenz\u00f3 en julio, cuando se conden\u00f3 a una mujer y dos hombres en esa misma ciudad por comercializaci\u00f3n de estupefacientes; y pudo determinarse la existencia de conexiones con alcance a la ciudad de Treinta y Tres. Ello implic\u00f3 que efectivos de la mencionada Brigada junto a la Fiscal\u00eda de Primer Turno delinearan los diferentes extremos de la investigaci\u00f3n criminal que permitieron recabar indicios de prueba suficientes.<\/h3>\n<h3>As\u00ed fue que el pasado jueves la Justicia competente emiti\u00f3 \u00f3rdenes de allanamientos, las que implic\u00f3 la participaci\u00f3n de efectivos de las diferentes \u00e1reas de la Direcci\u00f3n Departamental de Investigaciones, Grupo de Represi\u00f3n T\u00e1ctica, Seccional 10ma. y Polic\u00eda Cient\u00edfica para tres allanamientos en la ciudad de J.P. Varela y uno en Treinta y Tres, contando para ello con la colaboraci\u00f3n de Polic\u00edas de esa Jefatura de Polic\u00eda.<\/h3>\n<h3>Resultados de los allanamientos:<\/h3>\n<h3>Se procedi\u00f3 a la detenci\u00f3n de ocho personas mayores de edad implicadas en los hechos, y la intervenci\u00f3n permiti\u00f3 la incautaci\u00f3n de:<\/h3>\n<h3>50 envoltorios de sustancia vegetal y frasco con semillas de sustancia vegetal, las que resultaron positivo a reactivo de marihuana arrojando un peso de 73 gramos.<\/h3>\n<h3>14 envoltorios de polvo blanco y un paquete con sustancia blanca, los que resultaron positivos a test de coca\u00edna en cantidad pr\u00f3xima a 7 gramos.<\/h3>\n<h3>1 balanza de precisi\u00f3n, 3 escopetas, 65 cartuchos calibre 22, pesos uruguayos once mil ($U 11.000), discriminados en billetes de alta y baja denominaci\u00f3n y 18 celulares.<\/h3>\n<h3>1 amoladora en su caja, la cual fuera reconocida por un damnificado de hurto en finca.<\/h3>\n<h3>1 cordero, el que result\u00f3 ser reconocido como objeto de un abigeato en la ciudad de Treinta y tres.<\/h3>\n<h3>Resultados de la instancia en Sede Judicial<\/h3>\n<h3>La investigaci\u00f3n permiti\u00f3 establecer que siete de las personas detenidas integraban una organizaci\u00f3n delictiva de venta y tr\u00e1fico de sustancias estupefacientes, entre ellos una Polic\u00eda perteneciente al Instituto Nacional de Rehabilitaci\u00f3n, mientras que el octavo detenido se lo vincul\u00f3 a delitos por armamento.<\/h3>\n<h3>La Sra. Juez que asumi\u00f3 el caso dispuso las siguientes condenas para los implicados:<\/h3>\n<h3>Al imputado de iniciales C.F.C de 20 a\u00f1os, poseedor de antecedentes penales, se le conden\u00f3 a la pena de tres a\u00f1os y tres meses de penitenciaria como autor penalmente responsable de un delito continuado de negociaci\u00f3n de estupefacientes.<\/h3>\n<h3>Mientras que a los varones de iniciales L.A. de 27 a\u00f1os, A.A de 22 a\u00f1os, y M.B de 20 a\u00f1os, como a la mujer de iniciales L.P de 48 a\u00f1os se los conden\u00f3 como autores penalmente responsables de un delito de asociaci\u00f3n para delinquir en concurrencia fuera de la reiteraci\u00f3n con un delito continuado de negociaci\u00f3n de estupefacientes a la pena de cuatro a\u00f1os de penitenciar\u00eda de cumplimiento efectivo.<\/h3>\n<h3>Por otra parte al imputado de iniciales G.B de 19 a\u00f1os fue condenado como autor penalmente responsable de un delito de asociaci\u00f3n para delinquir, en concurrencia fuera de la reiteraci\u00f3n con un delito continuado de negociaci\u00f3n de estupefacientes, en reiteraci\u00f3n real con un delito de tenencia no autorizada de armas y municiones, a la pena de cuatro a\u00f1os y dos meses de penitenciaria.<\/h3>\n<h3>Al tiempo que la imputada de iniciales M.A de 23 a\u00f1os, recibi\u00f3 una condena de cuatro a\u00f1os y seis meses de penitenciaria como autora penalmente responsable de un delito de asociaci\u00f3n para delinquir en concurrencia fuera de la reiteraci\u00f3n con un delito continuado de negociaci\u00f3n de estupefacientes en reiteraci\u00f3n real con un delito de receptaci\u00f3n.<\/h3>\n<h3>Por \u00faltimo fue condenado un hombre de iniciales E.D de 70 a\u00f1os, a la pena de doce meses de prisi\u00f3n bajo r\u00e9gimen de libertad a prueba, como autor penalmente responsable de un delito de tr\u00e1fico interno de armas de fuego y municiones.<\/h3>\n<h3>Un nuevo procedimiento realizado por la Jefatura de Polic\u00eda de Lavalleja en la lucha frontal contra el tr\u00e1fico y micro tr\u00e1fico de estupefacientes, el segundo que se realiza en la Ciudad de Jos\u00e9 Pedro Varela desde marzo, no teniendo precedentes, y en tal sentido es un claro accionar de este Comando Jefaturial cumpliendo con lineamientos de la Direcci\u00f3n de la Polic\u00eda Nacional en el apoyo a los efectivos Policiales y a la comunidad por una buena convivencia.<\/h3>\n<h3><\/h3>\n<h3>Oficina de Prensa y RR.PP de Jefatura de Polic\u00eda de Lavalleja<\/h3>\n","protected":false},"excerpt":{"rendered":"<p>Tras ardua investigaci\u00f3n la Brigada Departamental Antidrogas logr\u00f3 reunir pruebas sustanciales para desarticular una organizaci\u00f3n delictiva que operaba en la ciudad de Jos\u00e9 Pedro Varela y remitir a ocho personas a la justicia implicadas en la venta, tr\u00e1fico de estupefacientes, tenencia y tr\u00e1fico de armas as\u00ed como asociaci\u00f3n para delinquir. Este procedimiento Policial comenz\u00f3 en&#8230;<\/p>\n<p><a rel=\"bookmark\" class=\"decibel-button-text wvc-button wvc-button-size-sm wolf-core-button wolf-core-button-size-sm\" href=\"https:\/\/deltafm.com.uy\/sitio\/2020\/09\/07\/policia-de-lavalleja-desmantelo-organizacion-criminal-que-operaba-en-jose-pedro-varela\/\"><small class=\"wvc-button-background-fill wolf-core-button-background-fill\"><\/small><span>seguir leyendo<\/span><\/a><\/p>\n","protected":false},"author":2,"featured_media":8074,"comment_status":"open","ping_status":"open","sticky":false,"template":"","format":"standard","meta":{"_joinchat":[],"footnotes":""},"categories":[17],"tags":[],"class_list":["post-8073","post","type-post","status-publish","format-standard","has-post-thumbnail","hentry","category-news","entry-post-skin-dark","entry","clearfix","entry-post-module-layout-sidebar-right","thumbnail-color-tone-dark","entry-post","entry-standard","entry-post-standard"],"_links":{"self":[{"href":"https:\/\/deltafm.com.uy\/sitio\/wp-json\/wp\/v2\/posts\/8073","targetHints":{"allow":["GET"]}}],"collection":[{"href":"https:\/\/deltafm.com.uy\/sitio\/wp-json\/wp\/v2\/posts"}],"about":[{"href":"https:\/\/deltafm.com.uy\/sitio\/wp-json\/wp\/v2\/types\/post"}],"author":[{"embeddable":true,"href":"https:\/\/deltafm.com.uy\/sitio\/wp-json\/wp\/v2\/users\/2"}],"replies":[{"embeddable":true,"href":"https:\/\/deltafm.com.uy\/sitio\/wp-json\/wp\/v2\/comments?post=8073"}],"version-history":[{"count":1,"href":"https:\/\/deltafm.com.uy\/sitio\/wp-json\/wp\/v2\/posts\/8073\/revisions"}],"predecessor-version":[{"id":8075,"href":"https:\/\/deltafm.com.uy\/sitio\/wp-json\/wp\/v2\/posts\/8073\/revisions\/8075"}],"wp:featuredmedia":[{"embeddable":true,"href":"https:\/\/deltafm.com.uy\/sitio\/wp-json\/wp\/v2\/media\/8074"}],"wp:attachment":[{"href":"https:\/\/deltafm.com.uy\/sitio\/wp-json\/wp\/v2\/media?parent=8073"}],"wp:term":[{"taxonomy":"category","embeddable":true,"href":"https:\/\/deltafm.com.uy\/sitio\/wp-json\/wp\/v2\/categories?post=8073"},{"taxonomy":"post_tag","embeddable":true,"href":"https:\/\/deltafm.com.uy\/sitio\/wp-json\/wp\/v2\/tags?post=8073"}],"curies":[{"name":"wp","href":"https:\/\/api.w.org\/{rel}","templated":true}]}}