{"id":8077,"date":"2020-09-08T17:06:45","date_gmt":"2020-09-08T17:06:45","guid":{"rendered":"https:\/\/deltafm.com.uy\/sitio\/?p=8077"},"modified":"2020-09-08T17:06:45","modified_gmt":"2020-09-08T17:06:45","slug":"pre-inscripciones-para-cursos-del-ano-2021-en-la-escuela-tecnica","status":"publish","type":"post","link":"https:\/\/deltafm.com.uy\/sitio\/2020\/09\/08\/pre-inscripciones-para-cursos-del-ano-2021-en-la-escuela-tecnica\/","title":{"rendered":"Pre inscripciones para cursos del a\u00f1o 2021 en la Escuela T\u00e9cnica"},"content":{"rendered":"<p>Para los cursos de inform\u00e1tica , belleza y capilar con validez de ciclo b\u00e1sico.<br \/>\nPara pre inscribirse deber\u00e1n tener aprobado primer a\u00f1o de secundaria o hasta 2 previas.<br \/>\nHorario de 8 a 19 en el local de Canelones y San Jose\u00a0 y de 8 a 16 hs. en el local de Podest\u00e1 Carnelli pegado al Correo.<\/p>\n","protected":false},"excerpt":{"rendered":"<p>Para los cursos de inform\u00e1tica , belleza y capilar con validez de ciclo b\u00e1sico. Para pre inscribirse deber\u00e1n tener aprobado primer a\u00f1o de secundaria o hasta 2 previas. Horario de 8 a 19 en el local de Canelones y San Jose\u00a0 y de 8 a 16 hs. en el local de Podest\u00e1 Carnelli pegado al&#8230;<\/p>\n<p><a rel=\"bookmark\" class=\"decibel-button-text wvc-button wvc-button-size-sm wolf-core-button wolf-core-button-size-sm\" href=\"https:\/\/deltafm.com.uy\/sitio\/2020\/09\/08\/pre-inscripciones-para-cursos-del-ano-2021-en-la-escuela-tecnica\/\"><small class=\"wvc-button-background-fill wolf-core-button-background-fill\"><\/small><span>seguir leyendo<\/span><\/a><\/p>\n","protected":false},"author":2,"featured_media":8078,"comment_status":"open","ping_status":"open","sticky":false,"template":"","format":"standard","meta":{"_joinchat":[],"footnotes":""},"categories":[17],"tags":[],"class_list":["post-8077","post","type-post","status-publish","format-standard","has-post-thumbnail","hentry","category-news","entry-post-skin-dark","entry","clearfix","entry-post-module-layout-sidebar-right","thumbnail-color-tone-dark","metro-landscape","entry-post","entry-standard","entry-post-standard"],"_links":{"self":[{"href":"https:\/\/deltafm.com.uy\/sitio\/wp-json\/wp\/v2\/posts\/8077","targetHints":{"allow":["GET"]}}],"collection":[{"href":"https:\/\/deltafm.com.uy\/sitio\/wp-json\/wp\/v2\/posts"}],"about":[{"href":"https:\/\/deltafm.com.uy\/sitio\/wp-json\/wp\/v2\/types\/post"}],"author":[{"embeddable":true,"href":"https:\/\/deltafm.com.uy\/sitio\/wp-json\/wp\/v2\/users\/2"}],"replies":[{"embeddable":true,"href":"https:\/\/deltafm.com.uy\/sitio\/wp-json\/wp\/v2\/comments?post=8077"}],"version-history":[{"count":1,"href":"https:\/\/deltafm.com.uy\/sitio\/wp-json\/wp\/v2\/posts\/8077\/revisions"}],"predecessor-version":[{"id":8079,"href":"https:\/\/deltafm.com.uy\/sitio\/wp-json\/wp\/v2\/posts\/8077\/revisions\/8079"}],"wp:featuredmedia":[{"embeddable":true,"href":"https:\/\/deltafm.com.uy\/sitio\/wp-json\/wp\/v2\/media\/8078"}],"wp:attachment":[{"href":"https:\/\/deltafm.com.uy\/sitio\/wp-json\/wp\/v2\/media?parent=8077"}],"wp:term":[{"taxonomy":"category","embeddable":true,"href":"https:\/\/deltafm.com.uy\/sitio\/wp-json\/wp\/v2\/categories?post=8077"},{"taxonomy":"post_tag","embeddable":true,"href":"https:\/\/deltafm.com.uy\/sitio\/wp-json\/wp\/v2\/tags?post=8077"}],"curies":[{"name":"wp","href":"https:\/\/api.w.org\/{rel}","templated":true}]}}