{"id":8098,"date":"2020-09-17T16:06:42","date_gmt":"2020-09-17T16:06:42","guid":{"rendered":"https:\/\/deltafm.com.uy\/sitio\/?p=8098"},"modified":"2020-09-17T16:06:42","modified_gmt":"2020-09-17T16:06:42","slug":"fuerte-advertencia-del-gobierno-por-fiestas-y-aglomeraciones-sin-control-sanitario","status":"publish","type":"post","link":"https:\/\/deltafm.com.uy\/sitio\/2020\/09\/17\/fuerte-advertencia-del-gobierno-por-fiestas-y-aglomeraciones-sin-control-sanitario\/","title":{"rendered":"Fuerte advertencia del gobierno por fiestas y aglomeraciones sin control sanitario"},"content":{"rendered":"<h3>\u00c1lvaro Delgado, Daniel Salinas y Rodrigo Ferr\u00e9s anunciaron controles policiales, sanciones, multas, clausuras y hasta denuncia penal.<\/h3>\n<h3>El secretario de Presidencia\u00a0<strong><a class=\"agrupador\" href=\"https:\/\/www.subrayado.com.uy\/alvaro-delgado-a4043\" rel=\"4043\">\u00c1lvaro Delgado<\/a><\/strong>\u00a0asegur\u00f3 en conferencia de prensa que \u201cpreocupa al\u00a0<a class=\"agrupador\" href=\"https:\/\/www.subrayado.com.uy\/gobierno-a9201\" rel=\"9201\">gobierno<\/a>\u00a0la realizaci\u00f3n de\u00a0<strong><a class=\"agrupador\" href=\"https:\/\/www.subrayado.com.uy\/fiestas-a9486\" rel=\"9486\">fiestas<\/a><\/strong>\u00a0que no est\u00e1n autorizadas, con una gran cantidad de personas, ya que esto pone en riesgo la\u00a0<a class=\"agrupador\" href=\"https:\/\/www.subrayado.com.uy\/salud-a21\" rel=\"21\">salud<\/a>\u00a0de la poblaci\u00f3n\u201d.<\/h3>\n<h3>Delgado dijo que si bien tienen conocimiento que detr\u00e1s de esta situaci\u00f3n \u201chay trabajo\u201d, manifest\u00f3 que \u201csigue siendo responsabilidad de quienes organizan estos eventos\u201d. Sobre esto, el secretario pidi\u00f3 confianza en los peque\u00f1os pasos que da el gobierno para reactivar la econom\u00eda del pa\u00eds de forma progresiva.<\/h3>\n<h3>\u201cAc\u00e1 no hay nadie curado hasta que no haya una vacuna\u201d dijo Delgado y asegur\u00f3 que \u201cesto est\u00e1 controlado hasta que se descontrola\u201d. \u201cLas fiestas son los elementos de mayor riesgo\u201d enfatiz\u00f3 el secretario de la Presidencia.<\/h3>\n<h3>Por este motivo Delgado insisti\u00f3 en que \u201cno se va a permitir que se haga todo aquello que no est\u00e1 permitido\u201d y agreg\u00f3 que el gobierno aumentar\u00e1 los controles. \u201cDe ser necesario se aplicar\u00e1 todo el peso de la ley, por el bien de la salud de todos los uruguayos\u201d.<\/h3>\n<h3>Por su parte, el ministro de Salud\u00a0<strong><a class=\"agrupador\" href=\"https:\/\/www.subrayado.com.uy\/daniel-salinas-a8743\" rel=\"8743\">Daniel Salinas<\/a><\/strong>\u00a0dijo que de seguirse realizando fiestas prohibidas \u201cser\u00eda imposible contener una multitud de brotes\u201d.<\/h3>\n<h3>\u201cSi uno le da un peque\u00f1o espacio al virus, el virus va hacer lo que sabe hacer, contagiar gente\u201d, ya que \u201cen lugares cerrados las personas est\u00e1n en permanente contacto con abrazos, besos y vasos compartidos\u201d.<\/h3>\n<h3>A su turno, el prosecretario de la Rep\u00fablica Rodrigo Ferr\u00e9s asegur\u00f3 que \u201caquellas personas que no hagan un uso responsable de la libertad, el\u00a0<a class=\"agrupador\" href=\"https:\/\/www.subrayado.com.uy\/poder-ejecutivo-a884\" rel=\"884\">Poder Ejecutivo<\/a>\u00a0adoptar\u00e1 todas las medidas que est\u00e9n a su alcance\u201d.<\/h3>\n<h3>Entre esas medidas, el Poder Ejecutivo a trav\u00e9s del Ministerio de Salud P\u00fablica podr\u00e1 imponer multas que pueden ir desde 30 UR, que corresponde a unos $ 37.000, hasta 1.000 UR, que corresponde a 1 mill\u00f3n 300 mil pesos.<\/h3>\n<h3>Adem\u00e1s el Poder Ejecutivo puede clausurar cualquier establecimiento donde se lleve a cabo una fiesta clandestina, y podr\u00e1n realizar denuncias penales y en Fiscal\u00eda en todos los casos donde exista un desacato y una desobediencia a las autoridades.<\/h3>\n","protected":false},"excerpt":{"rendered":"<p>\u00c1lvaro Delgado, Daniel Salinas y Rodrigo Ferr\u00e9s anunciaron controles policiales, sanciones, multas, clausuras y hasta denuncia penal. El secretario de Presidencia\u00a0\u00c1lvaro Delgado\u00a0asegur\u00f3 en conferencia de prensa que \u201cpreocupa al\u00a0gobierno\u00a0la realizaci\u00f3n de\u00a0fiestas\u00a0que no est\u00e1n autorizadas, con una gran cantidad de personas, ya que esto pone en riesgo la\u00a0salud\u00a0de la poblaci\u00f3n\u201d. Delgado dijo que si bien tienen&#8230;<\/p>\n<p><a rel=\"bookmark\" class=\"decibel-button-text wvc-button wvc-button-size-sm wolf-core-button wolf-core-button-size-sm\" href=\"https:\/\/deltafm.com.uy\/sitio\/2020\/09\/17\/fuerte-advertencia-del-gobierno-por-fiestas-y-aglomeraciones-sin-control-sanitario\/\"><small class=\"wvc-button-background-fill wolf-core-button-background-fill\"><\/small><span>seguir leyendo<\/span><\/a><\/p>\n","protected":false},"author":2,"featured_media":8099,"comment_status":"open","ping_status":"open","sticky":false,"template":"","format":"standard","meta":{"_joinchat":[],"footnotes":""},"categories":[17],"tags":[],"class_list":["post-8098","post","type-post","status-publish","format-standard","has-post-thumbnail","hentry","category-news","entry-post-skin-dark","entry","clearfix","entry-post-module-layout-sidebar-right","thumbnail-color-tone-dark","entry-post","entry-standard","entry-post-standard"],"_links":{"self":[{"href":"https:\/\/deltafm.com.uy\/sitio\/wp-json\/wp\/v2\/posts\/8098","targetHints":{"allow":["GET"]}}],"collection":[{"href":"https:\/\/deltafm.com.uy\/sitio\/wp-json\/wp\/v2\/posts"}],"about":[{"href":"https:\/\/deltafm.com.uy\/sitio\/wp-json\/wp\/v2\/types\/post"}],"author":[{"embeddable":true,"href":"https:\/\/deltafm.com.uy\/sitio\/wp-json\/wp\/v2\/users\/2"}],"replies":[{"embeddable":true,"href":"https:\/\/deltafm.com.uy\/sitio\/wp-json\/wp\/v2\/comments?post=8098"}],"version-history":[{"count":1,"href":"https:\/\/deltafm.com.uy\/sitio\/wp-json\/wp\/v2\/posts\/8098\/revisions"}],"predecessor-version":[{"id":8100,"href":"https:\/\/deltafm.com.uy\/sitio\/wp-json\/wp\/v2\/posts\/8098\/revisions\/8100"}],"wp:featuredmedia":[{"embeddable":true,"href":"https:\/\/deltafm.com.uy\/sitio\/wp-json\/wp\/v2\/media\/8099"}],"wp:attachment":[{"href":"https:\/\/deltafm.com.uy\/sitio\/wp-json\/wp\/v2\/media?parent=8098"}],"wp:term":[{"taxonomy":"category","embeddable":true,"href":"https:\/\/deltafm.com.uy\/sitio\/wp-json\/wp\/v2\/categories?post=8098"},{"taxonomy":"post_tag","embeddable":true,"href":"https:\/\/deltafm.com.uy\/sitio\/wp-json\/wp\/v2\/tags?post=8098"}],"curies":[{"name":"wp","href":"https:\/\/api.w.org\/{rel}","templated":true}]}}