{"id":8114,"date":"2020-09-25T15:32:23","date_gmt":"2020-09-25T15:32:23","guid":{"rendered":"https:\/\/deltafm.com.uy\/sitio\/?p=8114"},"modified":"2020-09-25T15:32:23","modified_gmt":"2020-09-25T15:32:23","slug":"comunicado-de-la-direccion-de-higiene-de-la-intendencia-departamental-de-lavalleja","status":"publish","type":"post","link":"https:\/\/deltafm.com.uy\/sitio\/2020\/09\/25\/comunicado-de-la-direccion-de-higiene-de-la-intendencia-departamental-de-lavalleja\/","title":{"rendered":"Comunicado de la Direcci\u00f3n de Higiene de la Intendencia Departamental de Lavalleja"},"content":{"rendered":"<h3>La Direcci\u00f3n de Higiene de la Intendencia Departamental de Lavalleja recuerda a todos los comercios del departamento que se encuentra vigente el art\u00edculo 177 de la ley 7.812. Por lo tanto, a partir del s\u00e1bado 26\/09\/2020 a las 19:30 no se podr\u00e1n vender bebidas alcoh\u00f3licas.<\/h3>\n<h3>Tambi\u00e9n mantiene su vigencia el art\u00edculo 176 de la Ley 7812 que dispone \u00abDurante las horas en que se realicen elecciones no podr\u00e1n efectuarse espect\u00e1culos p\u00fablicos en local abierto o cerrado, ni manifestaciones o reuniones p\u00fablicas de car\u00e1cter pol\u00edtico\u2026..\u00bb<\/h3>\n<h3>El contralor al cumplimiento de la mencionada ley ser\u00e1 fiscalizado por Inspectores de esta Direcci\u00f3n, junto a personal del Ministerio del Interior.<\/h3>\n","protected":false},"excerpt":{"rendered":"<p>La Direcci\u00f3n de Higiene de la Intendencia Departamental de Lavalleja recuerda a todos los comercios del departamento que se encuentra vigente el art\u00edculo 177 de la ley 7.812. Por lo tanto, a partir del s\u00e1bado 26\/09\/2020 a las 19:30 no se podr\u00e1n vender bebidas alcoh\u00f3licas. Tambi\u00e9n mantiene su vigencia el art\u00edculo 176 de la Ley&#8230;<\/p>\n<p><a rel=\"bookmark\" class=\"decibel-button-text wvc-button wvc-button-size-sm wolf-core-button wolf-core-button-size-sm\" href=\"https:\/\/deltafm.com.uy\/sitio\/2020\/09\/25\/comunicado-de-la-direccion-de-higiene-de-la-intendencia-departamental-de-lavalleja\/\"><small class=\"wvc-button-background-fill wolf-core-button-background-fill\"><\/small><span>seguir leyendo<\/span><\/a><\/p>\n","protected":false},"author":2,"featured_media":8115,"comment_status":"open","ping_status":"open","sticky":false,"template":"","format":"standard","meta":{"_joinchat":[],"footnotes":""},"categories":[17],"tags":[],"class_list":["post-8114","post","type-post","status-publish","format-standard","has-post-thumbnail","hentry","category-news","entry-post-skin-dark","entry","clearfix","entry-post-module-layout-sidebar-right","thumbnail-color-tone-light","entry-post","entry-standard","entry-post-standard"],"_links":{"self":[{"href":"https:\/\/deltafm.com.uy\/sitio\/wp-json\/wp\/v2\/posts\/8114","targetHints":{"allow":["GET"]}}],"collection":[{"href":"https:\/\/deltafm.com.uy\/sitio\/wp-json\/wp\/v2\/posts"}],"about":[{"href":"https:\/\/deltafm.com.uy\/sitio\/wp-json\/wp\/v2\/types\/post"}],"author":[{"embeddable":true,"href":"https:\/\/deltafm.com.uy\/sitio\/wp-json\/wp\/v2\/users\/2"}],"replies":[{"embeddable":true,"href":"https:\/\/deltafm.com.uy\/sitio\/wp-json\/wp\/v2\/comments?post=8114"}],"version-history":[{"count":1,"href":"https:\/\/deltafm.com.uy\/sitio\/wp-json\/wp\/v2\/posts\/8114\/revisions"}],"predecessor-version":[{"id":8116,"href":"https:\/\/deltafm.com.uy\/sitio\/wp-json\/wp\/v2\/posts\/8114\/revisions\/8116"}],"wp:featuredmedia":[{"embeddable":true,"href":"https:\/\/deltafm.com.uy\/sitio\/wp-json\/wp\/v2\/media\/8115"}],"wp:attachment":[{"href":"https:\/\/deltafm.com.uy\/sitio\/wp-json\/wp\/v2\/media?parent=8114"}],"wp:term":[{"taxonomy":"category","embeddable":true,"href":"https:\/\/deltafm.com.uy\/sitio\/wp-json\/wp\/v2\/categories?post=8114"},{"taxonomy":"post_tag","embeddable":true,"href":"https:\/\/deltafm.com.uy\/sitio\/wp-json\/wp\/v2\/tags?post=8114"}],"curies":[{"name":"wp","href":"https:\/\/api.w.org\/{rel}","templated":true}]}}