{"id":8158,"date":"2020-10-08T17:32:49","date_gmt":"2020-10-08T17:32:49","guid":{"rendered":"https:\/\/deltafm.com.uy\/sitio\/?p=8158"},"modified":"2020-10-08T17:48:11","modified_gmt":"2020-10-08T17:48:11","slug":"un-hombre-fue-detenido-luego-de-robar-una-bicicleta-desde-la-terminal-de-omnibus-de-jose-pedro-varela","status":"publish","type":"post","link":"https:\/\/deltafm.com.uy\/sitio\/2020\/10\/08\/un-hombre-fue-detenido-luego-de-robar-una-bicicleta-desde-la-terminal-de-omnibus-de-jose-pedro-varela\/","title":{"rendered":"Un hombre fue detenido luego de robar una bicicleta desde la Terminal de \u00d3mnibus de Jose Pedro Varela."},"content":{"rendered":"<h3>Video vigilancia:<\/h3>\n<h3>Un hombre fue detenido luego de hurtar una bicicleta desde la Terminal de \u00d3mnibus.<\/h3>\n<h3>Ocurri\u00f3 en Jos\u00e9 Pedro Varela el pasado jueves por la noche<\/h3>\n<h3>Polic\u00edas de Seccional 10ma identificaron r\u00e1pidamente a un hombre poco tiempo despu\u00e9s de haber hurtado una bicicleta, siendo detenido circulando en ella tras ser observado llev\u00e1ndosela desde el estacionamiento de la Terminal de \u00d3mnibus.<\/h3>\n<h3>Este sitio cuenta con monitoreo de video vigilancia visualizado en la propia Seccional con el respaldo del Centro Comando Unificado Departamental en Minas.<\/h3>\n<h3>Una vez detenido e informada la Fiscal de Turno, dispuso una serie de actuaciones administrativas y la entrega del objeto a la damnificada.<\/h3>\n<h3>Cumplidas las instancias pertinentes, en las \u00faltimas horas la magistrada actuante accedi\u00f3 al pedido de formalizaci\u00f3n de la investigaci\u00f3n condenando a C.A.R.A de 22 a\u00f1os como autor penalmente responsable de la comisi\u00f3n de un delito de hurto, debiendo cumplir la pena de tres meses de prisi\u00f3n de cumplimiento efectivo.<\/h3>\n<h3>Es de significar que este hombre es poseedor de antecedentes e intervenciones policiales en la misma ciudad.<\/h3>\n","protected":false},"excerpt":{"rendered":"<p>Video vigilancia: Un hombre fue detenido luego de hurtar una bicicleta desde la Terminal de \u00d3mnibus. Ocurri\u00f3 en Jos\u00e9 Pedro Varela el pasado jueves por la noche Polic\u00edas de Seccional 10ma identificaron r\u00e1pidamente a un hombre poco tiempo despu\u00e9s de haber hurtado una bicicleta, siendo detenido circulando en ella tras ser observado llev\u00e1ndosela desde el&#8230;<\/p>\n<p><a rel=\"bookmark\" class=\"decibel-button-text wvc-button wvc-button-size-sm wolf-core-button wolf-core-button-size-sm\" href=\"https:\/\/deltafm.com.uy\/sitio\/2020\/10\/08\/un-hombre-fue-detenido-luego-de-robar-una-bicicleta-desde-la-terminal-de-omnibus-de-jose-pedro-varela\/\"><small class=\"wvc-button-background-fill wolf-core-button-background-fill\"><\/small><span>seguir leyendo<\/span><\/a><\/p>\n","protected":false},"author":2,"featured_media":8170,"comment_status":"open","ping_status":"open","sticky":false,"template":"","format":"standard","meta":{"_joinchat":[],"footnotes":""},"categories":[17],"tags":[],"class_list":["post-8158","post","type-post","status-publish","format-standard","has-post-thumbnail","hentry","category-news","entry-post-skin-dark","entry","clearfix","entry-post-module-layout-sidebar-right","thumbnail-color-tone-dark","metro-landscape","entry-post","entry-standard","entry-post-standard"],"_links":{"self":[{"href":"https:\/\/deltafm.com.uy\/sitio\/wp-json\/wp\/v2\/posts\/8158","targetHints":{"allow":["GET"]}}],"collection":[{"href":"https:\/\/deltafm.com.uy\/sitio\/wp-json\/wp\/v2\/posts"}],"about":[{"href":"https:\/\/deltafm.com.uy\/sitio\/wp-json\/wp\/v2\/types\/post"}],"author":[{"embeddable":true,"href":"https:\/\/deltafm.com.uy\/sitio\/wp-json\/wp\/v2\/users\/2"}],"replies":[{"embeddable":true,"href":"https:\/\/deltafm.com.uy\/sitio\/wp-json\/wp\/v2\/comments?post=8158"}],"version-history":[{"count":3,"href":"https:\/\/deltafm.com.uy\/sitio\/wp-json\/wp\/v2\/posts\/8158\/revisions"}],"predecessor-version":[{"id":8168,"href":"https:\/\/deltafm.com.uy\/sitio\/wp-json\/wp\/v2\/posts\/8158\/revisions\/8168"}],"wp:featuredmedia":[{"embeddable":true,"href":"https:\/\/deltafm.com.uy\/sitio\/wp-json\/wp\/v2\/media\/8170"}],"wp:attachment":[{"href":"https:\/\/deltafm.com.uy\/sitio\/wp-json\/wp\/v2\/media?parent=8158"}],"wp:term":[{"taxonomy":"category","embeddable":true,"href":"https:\/\/deltafm.com.uy\/sitio\/wp-json\/wp\/v2\/categories?post=8158"},{"taxonomy":"post_tag","embeddable":true,"href":"https:\/\/deltafm.com.uy\/sitio\/wp-json\/wp\/v2\/tags?post=8158"}],"curies":[{"name":"wp","href":"https:\/\/api.w.org\/{rel}","templated":true}]}}