{"id":8178,"date":"2020-10-09T16:45:53","date_gmt":"2020-10-09T16:45:53","guid":{"rendered":"https:\/\/deltafm.com.uy\/sitio\/?p=8178"},"modified":"2020-10-09T16:45:53","modified_gmt":"2020-10-09T16:45:53","slug":"a-partir-del-martes-13-de-octubre-vuelve-a-ser-obligatoria-la-asistencia-a-clases","status":"publish","type":"post","link":"https:\/\/deltafm.com.uy\/sitio\/2020\/10\/09\/a-partir-del-martes-13-de-octubre-vuelve-a-ser-obligatoria-la-asistencia-a-clases\/","title":{"rendered":"A partir del martes 13 de octubre vuelve a ser obligatoria la asistencia a clases"},"content":{"rendered":"<h3>La asistencia ser\u00e1 obligatoria pero depender\u00e1 de la capacidad que tengan los centros educativos, que deber\u00e1n mantener las medidas sanitarias.<\/h3>\n<h3>El presidente del Consejo Directivo Central (Codicen)\u00a0<a class=\"agrupador\" href=\"https:\/\/www.subrayado.com.uy\/robert-silva-a7920\" rel=\"7920\">Robert Silva<\/a>\u00a0inform\u00f3 en conferencia de prensa que el gobierno resolvi\u00f3 volver a la obligatoriedad de asistencia a todos los centros educativos el 13 de octubre.<\/h3>\n<h3>La resoluci\u00f3n de volver a la obligatoriedad a la que refiere Silva tiene \u201crelaci\u00f3n con las convocatorias y el funcionamiento que los centros educativos est\u00e1n teniendo, respetando estrictamente los protocolos sanitarios\u201d.<\/h3>\n<h3>\u00abHasta ahora la asistencia era voluntaria pero a partir del pr\u00f3ximo martes ser\u00e1 obligatoria\u00bb y expres\u00f3 que estar\u00e1 sujeta a la convocaci\u00f3n de los centros educativos y la capacidad que tenga cada uno, ante la necesidad de mantener estrictamente los protocolos sanitarios. En tanto, si el alumno asiste tres veces por semana porque el centro educativo no tiene la capacidad suficiente para que lo haga los cinco d\u00edas, esas tres veces que el ni\u00f1o concurre ser\u00e1n obligatorias y computar\u00e1n la falta si no asiste. Los otros dos d\u00edas que no asiste no computar\u00e1n falta porque el ni\u00f1o no asiste.<\/h3>\n<h3>Asimismo, el presidente del Codicen anunci\u00f3 que se seguir\u00e1 \u201ctrabajando para aumentar la presencialidad en los centros p\u00fablicos y privados\u201d en coordinaci\u00f3n con el Ministerio de\u00a0<a class=\"agrupador\" href=\"https:\/\/www.subrayado.com.uy\/salud-publica-a673\" rel=\"673\">Salud P\u00fablica<\/a>\u00a0(MSP).<\/h3>\n<h3>\u00abNo tenemos ninguna duda del rumbo que estamos tomando\u00bb expres\u00f3 en conferencia el ministro de Salud P\u00fablica\u00a0<a class=\"agrupador\" href=\"https:\/\/www.subrayado.com.uy\/daniel-salinas-a8743\" rel=\"8743\">Daniel Salinas<\/a>; quien adem\u00e1s asegur\u00f3 que con esta resoluci\u00f3n se buscar\u00e1 un equilibrio entre lo sanitario y el desarrollo cognitivo de los ni\u00f1os que asisten a los centros educativos.<\/h3>\n<p>&nbsp;<\/p>\n","protected":false},"excerpt":{"rendered":"<p>La asistencia ser\u00e1 obligatoria pero depender\u00e1 de la capacidad que tengan los centros educativos, que deber\u00e1n mantener las medidas sanitarias. El presidente del Consejo Directivo Central (Codicen)\u00a0Robert Silva\u00a0inform\u00f3 en conferencia de prensa que el gobierno resolvi\u00f3 volver a la obligatoriedad de asistencia a todos los centros educativos el 13 de octubre. La resoluci\u00f3n de volver&#8230;<\/p>\n<p><a rel=\"bookmark\" class=\"decibel-button-text wvc-button wvc-button-size-sm wolf-core-button wolf-core-button-size-sm\" href=\"https:\/\/deltafm.com.uy\/sitio\/2020\/10\/09\/a-partir-del-martes-13-de-octubre-vuelve-a-ser-obligatoria-la-asistencia-a-clases\/\"><small class=\"wvc-button-background-fill wolf-core-button-background-fill\"><\/small><span>seguir leyendo<\/span><\/a><\/p>\n","protected":false},"author":2,"featured_media":8179,"comment_status":"open","ping_status":"open","sticky":false,"template":"","format":"standard","meta":{"_joinchat":[],"footnotes":""},"categories":[17],"tags":[],"class_list":["post-8178","post","type-post","status-publish","format-standard","has-post-thumbnail","hentry","category-news","entry-post-skin-dark","entry","clearfix","entry-post-module-layout-sidebar-right","thumbnail-color-tone-dark","metro-landscape","entry-post","entry-standard","entry-post-standard"],"_links":{"self":[{"href":"https:\/\/deltafm.com.uy\/sitio\/wp-json\/wp\/v2\/posts\/8178","targetHints":{"allow":["GET"]}}],"collection":[{"href":"https:\/\/deltafm.com.uy\/sitio\/wp-json\/wp\/v2\/posts"}],"about":[{"href":"https:\/\/deltafm.com.uy\/sitio\/wp-json\/wp\/v2\/types\/post"}],"author":[{"embeddable":true,"href":"https:\/\/deltafm.com.uy\/sitio\/wp-json\/wp\/v2\/users\/2"}],"replies":[{"embeddable":true,"href":"https:\/\/deltafm.com.uy\/sitio\/wp-json\/wp\/v2\/comments?post=8178"}],"version-history":[{"count":1,"href":"https:\/\/deltafm.com.uy\/sitio\/wp-json\/wp\/v2\/posts\/8178\/revisions"}],"predecessor-version":[{"id":8180,"href":"https:\/\/deltafm.com.uy\/sitio\/wp-json\/wp\/v2\/posts\/8178\/revisions\/8180"}],"wp:featuredmedia":[{"embeddable":true,"href":"https:\/\/deltafm.com.uy\/sitio\/wp-json\/wp\/v2\/media\/8179"}],"wp:attachment":[{"href":"https:\/\/deltafm.com.uy\/sitio\/wp-json\/wp\/v2\/media?parent=8178"}],"wp:term":[{"taxonomy":"category","embeddable":true,"href":"https:\/\/deltafm.com.uy\/sitio\/wp-json\/wp\/v2\/categories?post=8178"},{"taxonomy":"post_tag","embeddable":true,"href":"https:\/\/deltafm.com.uy\/sitio\/wp-json\/wp\/v2\/tags?post=8178"}],"curies":[{"name":"wp","href":"https:\/\/api.w.org\/{rel}","templated":true}]}}