{"id":8199,"date":"2020-10-14T16:40:23","date_gmt":"2020-10-14T16:40:23","guid":{"rendered":"https:\/\/deltafm.com.uy\/sitio\/?p=8199"},"modified":"2020-10-14T16:43:01","modified_gmt":"2020-10-14T16:43:01","slug":"bajo-a-299-las-personas-cursando-el-covid-19-hay-24-casos-nuevos","status":"publish","type":"post","link":"https:\/\/deltafm.com.uy\/sitio\/2020\/10\/14\/bajo-a-299-las-personas-cursando-el-covid-19-hay-24-casos-nuevos\/","title":{"rendered":"Baj\u00f3 a 299 las personas cursando el covid-19; hay 24 casos nuevos"},"content":{"rendered":"<h3>Este martes se registraron 24\u00a0<a class=\"agrupador\" href=\"https:\/\/www.subrayado.com.uy\/casos-a9498\" rel=\"9498\">casos<\/a>\u00a0nuevos de coronavirus Covid-19, en una base de 1.813 an\u00e1lisis procesados, lo que da una cifra total de 2.337 positivos acumulados desde que comenz\u00f3 la emergencia sanitaria en marzo. De los casos nuevos, nueve son de Rivera, seis de Montevideo, tres de Canelones, tres de Colonia; en tanto, en Lavalleja, Tacuaremb\u00f3 y Treinta y Tres se registraron un caso nuevo en cada departamento.<\/h3>\n<h3>Del total de casos acumulados, 1.987 ya se recuperaron y 51 personas fallecieron. Adem\u00e1s, hay 312 casos que corresponden al personal de la\u00a0<a class=\"agrupador\" href=\"https:\/\/www.subrayado.com.uy\/salud-a21\" rel=\"21\">salud<\/a>; de esta cifra, 284 ya se recuperaron y 27 est\u00e1n cursando la enfermedad.<\/h3>\n<h3>Seg\u00fan el \u00faltimo informe del Sistema Nacional de Emergencias (SINAE) baj\u00f3 a 299 la cantidad de personas cursando la enfermedad; y una de ellas se encuentra en cuidados intensivos. Los departamentos con casos activos al d\u00eda de hoy son 13: Artigas, Canelones, Cerro Largo, Colonia, Lavalleja, Maldonado, Montevideo, Rivera, Rocha, San Jos\u00e9, Soriano, Tacuaremb\u00f3 y Treinta y Tres.<\/h3>\n<h3><\/h3>\n","protected":false},"excerpt":{"rendered":"<p>Este martes se registraron 24\u00a0casos\u00a0nuevos de coronavirus Covid-19, en una base de 1.813 an\u00e1lisis procesados, lo que da una cifra total de 2.337 positivos acumulados desde que comenz\u00f3 la emergencia sanitaria en marzo. De los casos nuevos, nueve son de Rivera, seis de Montevideo, tres de Canelones, tres de Colonia; en tanto, en Lavalleja, Tacuaremb\u00f3&#8230;<\/p>\n<p><a rel=\"bookmark\" class=\"decibel-button-text wvc-button wvc-button-size-sm wolf-core-button wolf-core-button-size-sm\" href=\"https:\/\/deltafm.com.uy\/sitio\/2020\/10\/14\/bajo-a-299-las-personas-cursando-el-covid-19-hay-24-casos-nuevos\/\"><small class=\"wvc-button-background-fill wolf-core-button-background-fill\"><\/small><span>seguir leyendo<\/span><\/a><\/p>\n","protected":false},"author":2,"featured_media":8200,"comment_status":"open","ping_status":"open","sticky":false,"template":"","format":"standard","meta":{"_joinchat":[],"footnotes":""},"categories":[17],"tags":[],"class_list":["post-8199","post","type-post","status-publish","format-standard","has-post-thumbnail","hentry","category-news","entry-post-skin-dark","entry","clearfix","entry-post-module-layout-sidebar-right","thumbnail-color-tone-dark","metro-landscape","entry-post","entry-standard","entry-post-standard"],"_links":{"self":[{"href":"https:\/\/deltafm.com.uy\/sitio\/wp-json\/wp\/v2\/posts\/8199","targetHints":{"allow":["GET"]}}],"collection":[{"href":"https:\/\/deltafm.com.uy\/sitio\/wp-json\/wp\/v2\/posts"}],"about":[{"href":"https:\/\/deltafm.com.uy\/sitio\/wp-json\/wp\/v2\/types\/post"}],"author":[{"embeddable":true,"href":"https:\/\/deltafm.com.uy\/sitio\/wp-json\/wp\/v2\/users\/2"}],"replies":[{"embeddable":true,"href":"https:\/\/deltafm.com.uy\/sitio\/wp-json\/wp\/v2\/comments?post=8199"}],"version-history":[{"count":2,"href":"https:\/\/deltafm.com.uy\/sitio\/wp-json\/wp\/v2\/posts\/8199\/revisions"}],"predecessor-version":[{"id":8202,"href":"https:\/\/deltafm.com.uy\/sitio\/wp-json\/wp\/v2\/posts\/8199\/revisions\/8202"}],"wp:featuredmedia":[{"embeddable":true,"href":"https:\/\/deltafm.com.uy\/sitio\/wp-json\/wp\/v2\/media\/8200"}],"wp:attachment":[{"href":"https:\/\/deltafm.com.uy\/sitio\/wp-json\/wp\/v2\/media?parent=8199"}],"wp:term":[{"taxonomy":"category","embeddable":true,"href":"https:\/\/deltafm.com.uy\/sitio\/wp-json\/wp\/v2\/categories?post=8199"},{"taxonomy":"post_tag","embeddable":true,"href":"https:\/\/deltafm.com.uy\/sitio\/wp-json\/wp\/v2\/tags?post=8199"}],"curies":[{"name":"wp","href":"https:\/\/api.w.org\/{rel}","templated":true}]}}