{"id":8204,"date":"2020-10-15T17:28:11","date_gmt":"2020-10-15T17:28:11","guid":{"rendered":"https:\/\/deltafm.com.uy\/sitio\/?p=8204"},"modified":"2020-10-15T17:28:11","modified_gmt":"2020-10-15T17:28:11","slug":"policia-de-jose-pedro-varela-identifico-al-responsable-de-un-hurto-en-interior-de-local-fue-condenado-por-este-delito-y-por-desacato","status":"publish","type":"post","link":"https:\/\/deltafm.com.uy\/sitio\/2020\/10\/15\/policia-de-jose-pedro-varela-identifico-al-responsable-de-un-hurto-en-interior-de-local-fue-condenado-por-este-delito-y-por-desacato\/","title":{"rendered":"Polic\u00eda de Jos\u00e9 Pedro Varela identific\u00f3 al responsable de un hurto en interior de local.  Fue condenado por este delito y por desacato"},"content":{"rendered":"<h3>Efectivos de Seccional 10ma identificaron al autor del hurto de dinero desde el sal\u00f3n comedor de un hotel en Jos\u00e9 Pedro Varela. Este hecho consumado la noche del pasado domingo 11 del corriente motivo el an\u00e1lisis de registros de video vigilancia del lugar, donde se observ\u00f3 al implicado ingresar al local junto a otra persona y hurtar quinientos pesos.<\/h3>\n<h3>Una vez establecida la identidad de ambos, fueron detenidos el pasado martes 13 tras la emisi\u00f3n de las respectivas \u00f3rdenes de la Fiscal.<\/h3>\n<h3>Puestos a disposici\u00f3n de Fiscal\u00eda y una vez cumplida la instancia en dicha Sede, el Juez que asumi\u00f3 el caso accedi\u00f3 al pedido de formalizaci\u00f3n de la investigaci\u00f3n contra G.A.S.D de 18 a\u00f1os y lo conden\u00f3 a doce meses de prisi\u00f3n bajo libertad vigilada como autor penalmente responsable de un delito de desacato y un delito de hurto especialmente agravado en r\u00e9gimen de reiteraci\u00f3n real.<\/h3>\n<h3>Entre las medidas a cumplir deber\u00e1 prestar servicios comunitarios por durante diez meses bajo supervisi\u00f3n de la OSLA.<\/h3>\n<h3>As\u00ed mismo y al no acatar las medidas cautelares dispuestas por la justicia de prohibici\u00f3n de acercamiento hacia su padre, a partir de la condena por desacato ser\u00e1 monitoreado por la Direcci\u00f3n de Monitoreo Electr\u00f3nico del Ministerio del Interior.<\/h3>\n<h3>Respecto a la persona que lo acompa\u00f1o a ingresar al hotel se indica que es inimputable.<\/h3>\n","protected":false},"excerpt":{"rendered":"<p>Efectivos de Seccional 10ma identificaron al autor del hurto de dinero desde el sal\u00f3n comedor de un hotel en Jos\u00e9 Pedro Varela. Este hecho consumado la noche del pasado domingo 11 del corriente motivo el an\u00e1lisis de registros de video vigilancia del lugar, donde se observ\u00f3 al implicado ingresar al local junto a otra persona&#8230;<\/p>\n<p><a rel=\"bookmark\" class=\"decibel-button-text wvc-button wvc-button-size-sm wolf-core-button wolf-core-button-size-sm\" href=\"https:\/\/deltafm.com.uy\/sitio\/2020\/10\/15\/policia-de-jose-pedro-varela-identifico-al-responsable-de-un-hurto-en-interior-de-local-fue-condenado-por-este-delito-y-por-desacato\/\"><small class=\"wvc-button-background-fill wolf-core-button-background-fill\"><\/small><span>seguir leyendo<\/span><\/a><\/p>\n","protected":false},"author":2,"featured_media":8205,"comment_status":"open","ping_status":"open","sticky":false,"template":"","format":"standard","meta":{"_joinchat":[],"footnotes":""},"categories":[17],"tags":[],"class_list":["post-8204","post","type-post","status-publish","format-standard","has-post-thumbnail","hentry","category-news","entry-post-skin-dark","entry","clearfix","entry-post-module-layout-sidebar-right","thumbnail-color-tone-dark","entry-post","entry-standard","entry-post-standard"],"_links":{"self":[{"href":"https:\/\/deltafm.com.uy\/sitio\/wp-json\/wp\/v2\/posts\/8204","targetHints":{"allow":["GET"]}}],"collection":[{"href":"https:\/\/deltafm.com.uy\/sitio\/wp-json\/wp\/v2\/posts"}],"about":[{"href":"https:\/\/deltafm.com.uy\/sitio\/wp-json\/wp\/v2\/types\/post"}],"author":[{"embeddable":true,"href":"https:\/\/deltafm.com.uy\/sitio\/wp-json\/wp\/v2\/users\/2"}],"replies":[{"embeddable":true,"href":"https:\/\/deltafm.com.uy\/sitio\/wp-json\/wp\/v2\/comments?post=8204"}],"version-history":[{"count":1,"href":"https:\/\/deltafm.com.uy\/sitio\/wp-json\/wp\/v2\/posts\/8204\/revisions"}],"predecessor-version":[{"id":8206,"href":"https:\/\/deltafm.com.uy\/sitio\/wp-json\/wp\/v2\/posts\/8204\/revisions\/8206"}],"wp:featuredmedia":[{"embeddable":true,"href":"https:\/\/deltafm.com.uy\/sitio\/wp-json\/wp\/v2\/media\/8205"}],"wp:attachment":[{"href":"https:\/\/deltafm.com.uy\/sitio\/wp-json\/wp\/v2\/media?parent=8204"}],"wp:term":[{"taxonomy":"category","embeddable":true,"href":"https:\/\/deltafm.com.uy\/sitio\/wp-json\/wp\/v2\/categories?post=8204"},{"taxonomy":"post_tag","embeddable":true,"href":"https:\/\/deltafm.com.uy\/sitio\/wp-json\/wp\/v2\/tags?post=8204"}],"curies":[{"name":"wp","href":"https:\/\/api.w.org\/{rel}","templated":true}]}}