{"id":8208,"date":"2020-10-19T17:01:25","date_gmt":"2020-10-19T17:01:25","guid":{"rendered":"https:\/\/deltafm.com.uy\/sitio\/?p=8208"},"modified":"2020-10-19T17:01:25","modified_gmt":"2020-10-19T17:01:25","slug":"policias-de-seccional-10ma-detuvieron-al-responsable-de-agredir-a-una-pareja","status":"publish","type":"post","link":"https:\/\/deltafm.com.uy\/sitio\/2020\/10\/19\/policias-de-seccional-10ma-detuvieron-al-responsable-de-agredir-a-una-pareja\/","title":{"rendered":"Polic\u00edas de Seccional 10ma detuvieron al responsable de agredir a una pareja"},"content":{"rendered":"<h3>Un var\u00f3n de 24 a\u00f1os fue detenido por polic\u00edas de Seccional 10ma el pasado viernes por la ma\u00f1ana en circunstancias que protagonizo un incidente frente a un comercio ubicado en Varela y Mayol Ponce agrediendo en el rostro a la propietaria del lugar y la pareja de esta. En el lugar se intervino una pi\u00f1a<br \/>\namericana perteneciente al detenido.<br \/>\nEsta persona que cuenta con intervenciones policiales en Montevideo y un antecedente en Canelones fue derivado hacia la unidad policial y posteriormente hacia la Sede de Fiscal\u00eda en Minas donde se llev\u00f3 a cabo la audiencia.<br \/>\nPor otra parte fueron asistidos la mujer M.P de 49 a\u00f1os presentando golpes en la boca, herida por dentro, hematoma en ojo y p\u00f3mulo izquierdo, mientras que su pareja J.C de 58 a\u00f1os present\u00f3 hematoma en p\u00f3mulo izquierdo por golpe de pu\u00f1o.<br \/>\nUna vez finalizada, la magistrada accedi\u00f3 al pedido de formalizaci\u00f3n conden\u00f3 a N.N.B como autor penalmente responsable de dos delitos de lesiones personales a la pena de seis meses de prisi\u00f3n vigilada.<br \/>\nEste indagado deber\u00e1 estar sujeto a orientaci\u00f3n permanente de la OSLA y realizar servicios comunitarios entre otras disposiciones. Asimismo tendr\u00e1 prohibido acercarse y comunicarse por cualquier medio con las v\u00edctimas en radio de trescientos metros.<\/h3>\n","protected":false},"excerpt":{"rendered":"<p>Un var\u00f3n de 24 a\u00f1os fue detenido por polic\u00edas de Seccional 10ma el pasado viernes por la ma\u00f1ana en circunstancias que protagonizo un incidente frente a un comercio ubicado en Varela y Mayol Ponce agrediendo en el rostro a la propietaria del lugar y la pareja de esta. En el lugar se intervino una pi\u00f1a&#8230;<\/p>\n<p><a rel=\"bookmark\" class=\"decibel-button-text wvc-button wvc-button-size-sm wolf-core-button wolf-core-button-size-sm\" href=\"https:\/\/deltafm.com.uy\/sitio\/2020\/10\/19\/policias-de-seccional-10ma-detuvieron-al-responsable-de-agredir-a-una-pareja\/\"><small class=\"wvc-button-background-fill wolf-core-button-background-fill\"><\/small><span>seguir leyendo<\/span><\/a><\/p>\n","protected":false},"author":2,"featured_media":7954,"comment_status":"open","ping_status":"open","sticky":false,"template":"","format":"standard","meta":{"_joinchat":[],"footnotes":""},"categories":[17],"tags":[],"class_list":["post-8208","post","type-post","status-publish","format-standard","has-post-thumbnail","hentry","category-news","entry-post-skin-dark","entry","clearfix","entry-post-module-layout-sidebar-right","thumbnail-color-tone-dark","entry-post","entry-standard","entry-post-standard"],"_links":{"self":[{"href":"https:\/\/deltafm.com.uy\/sitio\/wp-json\/wp\/v2\/posts\/8208","targetHints":{"allow":["GET"]}}],"collection":[{"href":"https:\/\/deltafm.com.uy\/sitio\/wp-json\/wp\/v2\/posts"}],"about":[{"href":"https:\/\/deltafm.com.uy\/sitio\/wp-json\/wp\/v2\/types\/post"}],"author":[{"embeddable":true,"href":"https:\/\/deltafm.com.uy\/sitio\/wp-json\/wp\/v2\/users\/2"}],"replies":[{"embeddable":true,"href":"https:\/\/deltafm.com.uy\/sitio\/wp-json\/wp\/v2\/comments?post=8208"}],"version-history":[{"count":1,"href":"https:\/\/deltafm.com.uy\/sitio\/wp-json\/wp\/v2\/posts\/8208\/revisions"}],"predecessor-version":[{"id":8209,"href":"https:\/\/deltafm.com.uy\/sitio\/wp-json\/wp\/v2\/posts\/8208\/revisions\/8209"}],"wp:featuredmedia":[{"embeddable":true,"href":"https:\/\/deltafm.com.uy\/sitio\/wp-json\/wp\/v2\/media\/7954"}],"wp:attachment":[{"href":"https:\/\/deltafm.com.uy\/sitio\/wp-json\/wp\/v2\/media?parent=8208"}],"wp:term":[{"taxonomy":"category","embeddable":true,"href":"https:\/\/deltafm.com.uy\/sitio\/wp-json\/wp\/v2\/categories?post=8208"},{"taxonomy":"post_tag","embeddable":true,"href":"https:\/\/deltafm.com.uy\/sitio\/wp-json\/wp\/v2\/tags?post=8208"}],"curies":[{"name":"wp","href":"https:\/\/api.w.org\/{rel}","templated":true}]}}