{"id":8216,"date":"2020-10-22T19:44:57","date_gmt":"2020-10-22T19:44:57","guid":{"rendered":"https:\/\/deltafm.com.uy\/sitio\/?p=8216"},"modified":"2020-10-22T19:44:57","modified_gmt":"2020-10-22T19:44:57","slug":"lacalle-pou-se-reune-hoy-a-las-18-con-msp-y-luego-anunciara-medidas-por-covid-19","status":"publish","type":"post","link":"https:\/\/deltafm.com.uy\/sitio\/2020\/10\/22\/lacalle-pou-se-reune-hoy-a-las-18-con-msp-y-luego-anunciara-medidas-por-covid-19\/","title":{"rendered":"Lacalle Pou se re\u00fane hoy a las 18 con MSP y luego anunciar\u00e1 medidas por Covid-19"},"content":{"rendered":"<h3>En el encuentro de Torre Ejecutiva estar\u00e1n Interior y Defensa para coordinar tareas. Posteriormente habr\u00e1 conferencia de prensa<\/h3>\n<h3>En las \u00faltimas horas, el presidente recibi\u00f3 varios informes provenientes del Grupo Asesor Cient\u00edfico Honorario (<a class=\"agrupador\" href=\"https:\/\/www.subrayado.com.uy\/gach-a10003\" rel=\"10003\">GACH<\/a>) sobre la situaci\u00f3n del pa\u00eds en materia de\u00a0<a class=\"agrupador\" href=\"https:\/\/www.subrayado.com.uy\/covid-19-a9295\" rel=\"9295\">Covid-19<\/a>.<\/h3>\n<h3>En ellos hay informaci\u00f3n sobre los brotes m\u00e1s complicados del pa\u00eds, con especial \u00e9nfasis en el de Rivera, considerado el m\u00e1s grave desde que se desat\u00f3 la crisis sanitaria a mediados de marzo.<\/h3>\n<h3>En Torre Ejecutiva, Lacalle analizar\u00e1 con el equipo del Ministerio de Salud P\u00fablica y los ministros de Interior y Defensa una bater\u00eda de medidas con el objetivo de mejorar los controles en el transito de personas y en el control epidemiol\u00f3gico.<\/h3>\n<h3>La expectativa est\u00e1 centrada en que pueden haber nuevas restricciones en cuanto a las reuniones entre personas y otras medidas que afectar\u00e1n al turismo y el ingreso de extranjeros al pa\u00eds.<\/h3>\n<h3>No se descarta adem\u00e1s la aplicaci\u00f3n de mayores sanciones a las fiestas clandestinas, que han sido motivo de preocupaci\u00f3n en las \u00faltimas semanas.<\/h3>\n<h3>La situaci\u00f3n es compleja, especialmente en las zonas fronterizas. Este jueves, el catedr\u00e1tico de Infectologia, Julio Medina, asesor del gobierno, dijo que de acuerdo a las mediciones internacionales Rivera est\u00e1 en un nivel de alerta anaranjado por el porcentaje de enfermos por cada 100.000 habitantes.<\/h3>\n<h3>En la v\u00edspera, el director del Instituto Pasteur, Carlos Batthy\u00e0ny, dijo que la situaci\u00f3n es en ese departamento \u00abest\u00e1 fuera de control\u00bb y que su opini\u00f3n es que ser\u00eda necesario un aut\u00e9ntico \u00abcord\u00f3n sanitario\u00bb en los l\u00edmites con Brasil y con Tacuaremb\u00f3 y Artigas para evitar una progresi\u00f3n geometrica mayor a la de las \u00faltimas semanas.<\/h3>\n<h3>El tambi\u00e9n infect\u00f3logo Eduardo Savio es de la misma idea, acordonar sanitariamente a Rivera. En este departamento funcionan las l\u00f3gicas fronterizas, muy distintas la del resto del pa\u00eds, que se reflejan en el tr\u00e1nsito de personas por temas comerciales, laborales e incluso familiares. Tambi\u00e9n se han registrado muchos casos por reuniones religiosas y en el \u00e1mbito de la salud.<\/h3>\n<h3>El experto dijo que el crecimiento exponencial registrado en el pa\u00eds se debe a un cambio en el comportamiento de parte de la poblaci\u00f3n, en especial de los m\u00e1s j\u00f3venes que han optado por socializar. Esto se refleja en el que el mayor porcentaje de la poblaci\u00f2n infectada en esta nueva ola de contagios son personas de ese rango etario.<\/h3>\n<h3>Para \u00e8l, Uruguay se encuentra en un estadio \u00abamarillo\u00bb a juzgar por las estad\u00edsticas.<\/h3>\n<h3>El crecimiento exponencial de los casos de coronavirus en las \u00faltimas semanas hace pensar, dijo Savio, que no es recomendable abrir las fronteras de cara a la temporada de verano. Este aspecto ha generado expectativa tanto en el sector turismo como en el de propietarios de sal\u00f3n de fiestas y transporte, por solo mencionar algunos sectores interesados.<\/h3>\n","protected":false},"excerpt":{"rendered":"<p>En el encuentro de Torre Ejecutiva estar\u00e1n Interior y Defensa para coordinar tareas. Posteriormente habr\u00e1 conferencia de prensa En las \u00faltimas horas, el presidente recibi\u00f3 varios informes provenientes del Grupo Asesor Cient\u00edfico Honorario (GACH) sobre la situaci\u00f3n del pa\u00eds en materia de\u00a0Covid-19. En ellos hay informaci\u00f3n sobre los brotes m\u00e1s complicados del pa\u00eds, con especial&#8230;<\/p>\n<p><a rel=\"bookmark\" class=\"decibel-button-text wvc-button wvc-button-size-sm wolf-core-button wolf-core-button-size-sm\" href=\"https:\/\/deltafm.com.uy\/sitio\/2020\/10\/22\/lacalle-pou-se-reune-hoy-a-las-18-con-msp-y-luego-anunciara-medidas-por-covid-19\/\"><small class=\"wvc-button-background-fill wolf-core-button-background-fill\"><\/small><span>seguir leyendo<\/span><\/a><\/p>\n","protected":false},"author":2,"featured_media":8217,"comment_status":"open","ping_status":"open","sticky":false,"template":"","format":"standard","meta":{"_joinchat":[],"footnotes":""},"categories":[17],"tags":[],"class_list":["post-8216","post","type-post","status-publish","format-standard","has-post-thumbnail","hentry","category-news","entry-post-skin-dark","entry","clearfix","entry-post-module-layout-sidebar-right","thumbnail-color-tone-dark","entry-post","entry-standard","entry-post-standard"],"_links":{"self":[{"href":"https:\/\/deltafm.com.uy\/sitio\/wp-json\/wp\/v2\/posts\/8216","targetHints":{"allow":["GET"]}}],"collection":[{"href":"https:\/\/deltafm.com.uy\/sitio\/wp-json\/wp\/v2\/posts"}],"about":[{"href":"https:\/\/deltafm.com.uy\/sitio\/wp-json\/wp\/v2\/types\/post"}],"author":[{"embeddable":true,"href":"https:\/\/deltafm.com.uy\/sitio\/wp-json\/wp\/v2\/users\/2"}],"replies":[{"embeddable":true,"href":"https:\/\/deltafm.com.uy\/sitio\/wp-json\/wp\/v2\/comments?post=8216"}],"version-history":[{"count":1,"href":"https:\/\/deltafm.com.uy\/sitio\/wp-json\/wp\/v2\/posts\/8216\/revisions"}],"predecessor-version":[{"id":8218,"href":"https:\/\/deltafm.com.uy\/sitio\/wp-json\/wp\/v2\/posts\/8216\/revisions\/8218"}],"wp:featuredmedia":[{"embeddable":true,"href":"https:\/\/deltafm.com.uy\/sitio\/wp-json\/wp\/v2\/media\/8217"}],"wp:attachment":[{"href":"https:\/\/deltafm.com.uy\/sitio\/wp-json\/wp\/v2\/media?parent=8216"}],"wp:term":[{"taxonomy":"category","embeddable":true,"href":"https:\/\/deltafm.com.uy\/sitio\/wp-json\/wp\/v2\/categories?post=8216"},{"taxonomy":"post_tag","embeddable":true,"href":"https:\/\/deltafm.com.uy\/sitio\/wp-json\/wp\/v2\/tags?post=8216"}],"curies":[{"name":"wp","href":"https:\/\/api.w.org\/{rel}","templated":true}]}}