{"id":8233,"date":"2020-10-29T17:34:28","date_gmt":"2020-10-29T17:34:28","guid":{"rendered":"https:\/\/deltafm.com.uy\/sitio\/?p=8233"},"modified":"2020-10-29T17:34:28","modified_gmt":"2020-10-29T17:34:28","slug":"halloween-larranaga-anuncia-procedimientos-especiales-el-fin-de-semana","status":"publish","type":"post","link":"https:\/\/deltafm.com.uy\/sitio\/2020\/10\/29\/halloween-larranaga-anuncia-procedimientos-especiales-el-fin-de-semana\/","title":{"rendered":"Halloween: Larra\u00f1aga anuncia \u00abprocedimientos especiales el fin de semana\u00bb"},"content":{"rendered":"<h3>El ministro del Interior dio orden a las Jefaturas de Polic\u00eda de desplegar efectivos para evitar aglomeraciones y fiestas de Halloween.<\/h3>\n<h3>Este fin de semana se celebra\u00a0<strong><a class=\"agrupador\" href=\"https:\/\/www.subrayado.com.uy\/halloween-a10044\" rel=\"10044\">Halloween<\/a><\/strong>\u00a0y el gobierno expres\u00f3 su preocupaci\u00f3n por la ocurrencia de fiestas no autorizadas o aglomeraciones, ya sea en espacios p\u00fabicos como privados.<\/h3>\n<h3>En ese sentido el ministro del Interior Jorge\u00a0<strong><a class=\"agrupador\" href=\"https:\/\/www.subrayado.com.uy\/larranaga-a4121\" rel=\"4121\">Larra\u00f1aga<\/a><\/strong>\u00a0anunci\u00f3 en conferencia de prensa que dio orden a las Jefaturas de Polic\u00eda de desplegar efectivos para evitar estas aglomeraciones y fiestas clandestinas.<\/h3>\n<h3>\u201cHaremos procedimientos especiales el fin de semana\u201d, adelant\u00f3. Tambi\u00e9n reiter\u00f3 la decisi\u00f3n de coordinar con\u00a0<strong><a class=\"agrupador\" href=\"https:\/\/www.subrayado.com.uy\/fiscalia-a150\" rel=\"150\">Fiscal\u00eda<\/a><\/strong>\u00a0para denunciar posibles desacatos y llevar ante la Justicia a quienes organicen o promuevan este tipo de encuentros masivos no autorizados.<\/h3>\n<h3>El objetivo es evitar la propagaci\u00f3n del nuevo\u00a0<strong><a class=\"agrupador\" href=\"https:\/\/www.subrayado.com.uy\/coronavirus-a8923\" rel=\"8923\">coronavirus<\/a>\u00a0<a class=\"agrupador\" href=\"https:\/\/www.subrayado.com.uy\/covid-19-a9295\" rel=\"9295\">Covid-19<\/a><\/strong>, que en el \u00faltimo mes multiplic\u00f3 por dos el promedio de casos diarios. Hay m\u00e1s de 400 casos activos y cerca de 3.000 positivos acumulados desde que se declar\u00f3 la emergencia sanitaria el 13 de marzo.<\/h3>\n<h3>Hasta fines de setiembre el promedio de casos diarios de coronavirus rondaba los 15 y un mes despu\u00e9s pas\u00f3 a 35.<\/h3>\n","protected":false},"excerpt":{"rendered":"<p>El ministro del Interior dio orden a las Jefaturas de Polic\u00eda de desplegar efectivos para evitar aglomeraciones y fiestas de Halloween. Este fin de semana se celebra\u00a0Halloween\u00a0y el gobierno expres\u00f3 su preocupaci\u00f3n por la ocurrencia de fiestas no autorizadas o aglomeraciones, ya sea en espacios p\u00fabicos como privados. En ese sentido el ministro del Interior&#8230;<\/p>\n<p><a rel=\"bookmark\" class=\"decibel-button-text wvc-button wvc-button-size-sm wolf-core-button wolf-core-button-size-sm\" href=\"https:\/\/deltafm.com.uy\/sitio\/2020\/10\/29\/halloween-larranaga-anuncia-procedimientos-especiales-el-fin-de-semana\/\"><small class=\"wvc-button-background-fill wolf-core-button-background-fill\"><\/small><span>seguir leyendo<\/span><\/a><\/p>\n","protected":false},"author":2,"featured_media":8234,"comment_status":"open","ping_status":"open","sticky":false,"template":"","format":"standard","meta":{"_joinchat":[],"footnotes":""},"categories":[17],"tags":[],"class_list":["post-8233","post","type-post","status-publish","format-standard","has-post-thumbnail","hentry","category-news","entry-post-skin-dark","entry","clearfix","entry-post-module-layout-sidebar-right","thumbnail-color-tone-dark","metro-landscape","entry-post","entry-standard","entry-post-standard"],"_links":{"self":[{"href":"https:\/\/deltafm.com.uy\/sitio\/wp-json\/wp\/v2\/posts\/8233","targetHints":{"allow":["GET"]}}],"collection":[{"href":"https:\/\/deltafm.com.uy\/sitio\/wp-json\/wp\/v2\/posts"}],"about":[{"href":"https:\/\/deltafm.com.uy\/sitio\/wp-json\/wp\/v2\/types\/post"}],"author":[{"embeddable":true,"href":"https:\/\/deltafm.com.uy\/sitio\/wp-json\/wp\/v2\/users\/2"}],"replies":[{"embeddable":true,"href":"https:\/\/deltafm.com.uy\/sitio\/wp-json\/wp\/v2\/comments?post=8233"}],"version-history":[{"count":1,"href":"https:\/\/deltafm.com.uy\/sitio\/wp-json\/wp\/v2\/posts\/8233\/revisions"}],"predecessor-version":[{"id":8235,"href":"https:\/\/deltafm.com.uy\/sitio\/wp-json\/wp\/v2\/posts\/8233\/revisions\/8235"}],"wp:featuredmedia":[{"embeddable":true,"href":"https:\/\/deltafm.com.uy\/sitio\/wp-json\/wp\/v2\/media\/8234"}],"wp:attachment":[{"href":"https:\/\/deltafm.com.uy\/sitio\/wp-json\/wp\/v2\/media?parent=8233"}],"wp:term":[{"taxonomy":"category","embeddable":true,"href":"https:\/\/deltafm.com.uy\/sitio\/wp-json\/wp\/v2\/categories?post=8233"},{"taxonomy":"post_tag","embeddable":true,"href":"https:\/\/deltafm.com.uy\/sitio\/wp-json\/wp\/v2\/tags?post=8233"}],"curies":[{"name":"wp","href":"https:\/\/api.w.org\/{rel}","templated":true}]}}