{"id":8284,"date":"2020-11-11T15:27:53","date_gmt":"2020-11-11T15:27:53","guid":{"rendered":"https:\/\/deltafm.com.uy\/sitio\/?p=8284"},"modified":"2020-11-11T15:27:53","modified_gmt":"2020-11-11T15:27:53","slug":"reducen-distancia-fisica-entre-ninos-de-educacion-inicial-y-primaria","status":"publish","type":"post","link":"https:\/\/deltafm.com.uy\/sitio\/2020\/11\/11\/reducen-distancia-fisica-entre-ninos-de-educacion-inicial-y-primaria\/","title":{"rendered":"Reducen distancia f\u00edsica entre ni\u00f1os de educaci\u00f3n inicial y primaria"},"content":{"rendered":"<h3>El presidente del Codicen Robert Silva anunci\u00f3 en conferencia de prensa algunos cambios en el protocolo sanitario de asistencia a clase en el marco de la pandemia del nuevo coronavirus Covid-19.<\/h3>\n<h3>Este martes el Grupo Asesor Cient\u00edfico Honorario (GACH) del gobierno hab\u00eda recomendado ampliar la asistencia a clases de ni\u00f1os.<\/h3>\n<h3>En primer lugar se determin\u00f3 que a partir de ahora, en educaci\u00f3n Inicial y Primaria, el distanciamiento de los alumnos dentro de las aulas ser\u00e1 de un metro, en vez de un metro y medio como hasta ahora. Adem\u00e1s anunci\u00f3 que a partir de los 6 a\u00f1os de edad ser\u00e1 obligatorio el uso de tapabocas.<\/h3>\n<h3>En tanto, para Secundaria y UTU la distancia f\u00edsica se mantendr\u00e1 en un metro y medio, como se hab\u00eda acordado al retomar la presencialidad de las actividades.<\/h3>\n<h3>Por su parte, la directora de Primaria Graciela Fabeiro explica que cada escuela ir\u00e1 ajustando el nuevo protocolo y con base en ello se ir\u00e1 aumentando la cantidad de clases presenciales. Con menos distancia dentro de las aulas podr\u00e1n entrar m\u00e1s ni\u00f1os, explic\u00f3.<\/h3>\n","protected":false},"excerpt":{"rendered":"<p>El presidente del Codicen Robert Silva anunci\u00f3 en conferencia de prensa algunos cambios en el protocolo sanitario de asistencia a clase en el marco de la pandemia del nuevo coronavirus Covid-19. Este martes el Grupo Asesor Cient\u00edfico Honorario (GACH) del gobierno hab\u00eda recomendado ampliar la asistencia a clases de ni\u00f1os. En primer lugar se determin\u00f3&#8230;<\/p>\n<p><a rel=\"bookmark\" class=\"decibel-button-text wvc-button wvc-button-size-sm wolf-core-button wolf-core-button-size-sm\" href=\"https:\/\/deltafm.com.uy\/sitio\/2020\/11\/11\/reducen-distancia-fisica-entre-ninos-de-educacion-inicial-y-primaria\/\"><small class=\"wvc-button-background-fill wolf-core-button-background-fill\"><\/small><span>seguir leyendo<\/span><\/a><\/p>\n","protected":false},"author":2,"featured_media":8285,"comment_status":"open","ping_status":"open","sticky":false,"template":"","format":"standard","meta":{"_joinchat":[],"footnotes":""},"categories":[17],"tags":[],"class_list":["post-8284","post","type-post","status-publish","format-standard","has-post-thumbnail","hentry","category-news","entry-post-skin-dark","entry","clearfix","entry-post-module-layout-sidebar-right","thumbnail-color-tone-dark","entry-post","entry-standard","entry-post-standard"],"_links":{"self":[{"href":"https:\/\/deltafm.com.uy\/sitio\/wp-json\/wp\/v2\/posts\/8284","targetHints":{"allow":["GET"]}}],"collection":[{"href":"https:\/\/deltafm.com.uy\/sitio\/wp-json\/wp\/v2\/posts"}],"about":[{"href":"https:\/\/deltafm.com.uy\/sitio\/wp-json\/wp\/v2\/types\/post"}],"author":[{"embeddable":true,"href":"https:\/\/deltafm.com.uy\/sitio\/wp-json\/wp\/v2\/users\/2"}],"replies":[{"embeddable":true,"href":"https:\/\/deltafm.com.uy\/sitio\/wp-json\/wp\/v2\/comments?post=8284"}],"version-history":[{"count":1,"href":"https:\/\/deltafm.com.uy\/sitio\/wp-json\/wp\/v2\/posts\/8284\/revisions"}],"predecessor-version":[{"id":8286,"href":"https:\/\/deltafm.com.uy\/sitio\/wp-json\/wp\/v2\/posts\/8284\/revisions\/8286"}],"wp:featuredmedia":[{"embeddable":true,"href":"https:\/\/deltafm.com.uy\/sitio\/wp-json\/wp\/v2\/media\/8285"}],"wp:attachment":[{"href":"https:\/\/deltafm.com.uy\/sitio\/wp-json\/wp\/v2\/media?parent=8284"}],"wp:term":[{"taxonomy":"category","embeddable":true,"href":"https:\/\/deltafm.com.uy\/sitio\/wp-json\/wp\/v2\/categories?post=8284"},{"taxonomy":"post_tag","embeddable":true,"href":"https:\/\/deltafm.com.uy\/sitio\/wp-json\/wp\/v2\/tags?post=8284"}],"curies":[{"name":"wp","href":"https:\/\/api.w.org\/{rel}","templated":true}]}}