{"id":8288,"date":"2020-11-11T16:57:18","date_gmt":"2020-11-11T16:57:18","guid":{"rendered":"https:\/\/deltafm.com.uy\/sitio\/?p=8288"},"modified":"2020-11-11T16:57:18","modified_gmt":"2020-11-11T16:57:18","slug":"recuperaron-moto-hurtada-en-jose-pedro-varela","status":"publish","type":"post","link":"https:\/\/deltafm.com.uy\/sitio\/2020\/11\/11\/recuperaron-moto-hurtada-en-jose-pedro-varela\/","title":{"rendered":"Recuperaron moto hurtada en Jos\u00e9 Pedro Varela"},"content":{"rendered":"<h3>Pr\u00f3ximo al medio d\u00eda de ayer Polic\u00edas de Seccional 10ma recuperaron una moto hurtada en la localidad, cuya denuncia fue presentada en la ma\u00f1ana por un vecino de la localidad.<\/h3>\n<h3>El veh\u00edculo matr\u00edcula PVC339 fue localizado cerca del puente Corrales en circunstancias que los efectivos realizaban su b\u00fasqueda tras haber recibido la denuncia.<\/h3>\n<h3>Fue entregada bajo recibo al damnificado una vez realizado el relevamiento por parte de Polic\u00eda Cient\u00edfica.<\/h3>\n","protected":false},"excerpt":{"rendered":"<p>Pr\u00f3ximo al medio d\u00eda de ayer Polic\u00edas de Seccional 10ma recuperaron una moto hurtada en la localidad, cuya denuncia fue presentada en la ma\u00f1ana por un vecino de la localidad. El veh\u00edculo matr\u00edcula PVC339 fue localizado cerca del puente Corrales en circunstancias que los efectivos realizaban su b\u00fasqueda tras haber recibido la denuncia. Fue entregada&#8230;<\/p>\n<p><a rel=\"bookmark\" class=\"decibel-button-text wvc-button wvc-button-size-sm wolf-core-button wolf-core-button-size-sm\" href=\"https:\/\/deltafm.com.uy\/sitio\/2020\/11\/11\/recuperaron-moto-hurtada-en-jose-pedro-varela\/\"><small class=\"wvc-button-background-fill wolf-core-button-background-fill\"><\/small><span>seguir leyendo<\/span><\/a><\/p>\n","protected":false},"author":2,"featured_media":8205,"comment_status":"open","ping_status":"open","sticky":false,"template":"","format":"standard","meta":{"_joinchat":[],"footnotes":""},"categories":[17],"tags":[],"class_list":["post-8288","post","type-post","status-publish","format-standard","has-post-thumbnail","hentry","category-news","entry-post-skin-dark","entry","clearfix","entry-post-module-layout-sidebar-right","thumbnail-color-tone-dark","entry-post","entry-standard","entry-post-standard"],"_links":{"self":[{"href":"https:\/\/deltafm.com.uy\/sitio\/wp-json\/wp\/v2\/posts\/8288","targetHints":{"allow":["GET"]}}],"collection":[{"href":"https:\/\/deltafm.com.uy\/sitio\/wp-json\/wp\/v2\/posts"}],"about":[{"href":"https:\/\/deltafm.com.uy\/sitio\/wp-json\/wp\/v2\/types\/post"}],"author":[{"embeddable":true,"href":"https:\/\/deltafm.com.uy\/sitio\/wp-json\/wp\/v2\/users\/2"}],"replies":[{"embeddable":true,"href":"https:\/\/deltafm.com.uy\/sitio\/wp-json\/wp\/v2\/comments?post=8288"}],"version-history":[{"count":1,"href":"https:\/\/deltafm.com.uy\/sitio\/wp-json\/wp\/v2\/posts\/8288\/revisions"}],"predecessor-version":[{"id":8289,"href":"https:\/\/deltafm.com.uy\/sitio\/wp-json\/wp\/v2\/posts\/8288\/revisions\/8289"}],"wp:featuredmedia":[{"embeddable":true,"href":"https:\/\/deltafm.com.uy\/sitio\/wp-json\/wp\/v2\/media\/8205"}],"wp:attachment":[{"href":"https:\/\/deltafm.com.uy\/sitio\/wp-json\/wp\/v2\/media?parent=8288"}],"wp:term":[{"taxonomy":"category","embeddable":true,"href":"https:\/\/deltafm.com.uy\/sitio\/wp-json\/wp\/v2\/categories?post=8288"},{"taxonomy":"post_tag","embeddable":true,"href":"https:\/\/deltafm.com.uy\/sitio\/wp-json\/wp\/v2\/tags?post=8288"}],"curies":[{"name":"wp","href":"https:\/\/api.w.org\/{rel}","templated":true}]}}