{"id":8843,"date":"2021-03-25T17:12:08","date_gmt":"2021-03-25T17:12:08","guid":{"rendered":"https:\/\/deltafm.com.uy\/sitio\/?p=8843"},"modified":"2021-03-25T17:12:08","modified_gmt":"2021-03-25T17:12:08","slug":"emergencia-sanitaria-por-covid-19-se-intensifican-las-medidas-y-los-controles","status":"publish","type":"post","link":"https:\/\/deltafm.com.uy\/sitio\/2021\/03\/25\/emergencia-sanitaria-por-covid-19-se-intensifican-las-medidas-y-los-controles\/","title":{"rendered":"Emergencia Sanitaria por COVID-19: se intensifican las medidas y los controles"},"content":{"rendered":"<h3>A modo de reforzar la exhortaci\u00f3n para evitar el contagio del COVID-19, el gobierno departamental anunci\u00f3 las medidas para la pr\u00f3xima Semana de Turismo.<\/h3>\n<h3>Tras la conferencia de prensa realizada el pasado mi\u00e9rcoles, con la participaci\u00f3n del Sr. Intendente, Director de Salud, Director de Higiene y Sub Jefe de Polic\u00eda de Lavalleja se dieron a conocer algunas de las medidas tomadas por el CECOED departamental, en referencia a las medidas sanitarias a cumplir y dentro de ellas las competentes al control y posible intervenci\u00f3n policial.<\/h3>\n<h3>* El cierre de espacios p\u00fablicos y la prohibici\u00f3n de acampar y\/o pernoctar en los mismos.<\/h3>\n<h3>* Se proh\u00edbe estacionar en la Rambla en el horario de 21.00 a 06.00 permitiendo solo circular por la misma.<\/h3>\n<h3>* Suspensi\u00f3n de espect\u00e1culos p\u00fablicos.<\/h3>\n<h3>* Se realizar\u00e1 control por parte de personal de Intendencia con prestaci\u00f3n de garant\u00edas de la Polic\u00eda en el horario de 14.00 a 20.00, en Parque y Represa de Villa Serrana, que permanecer\u00e1 cerrada.<\/h3>\n<h3>* Los campings Municipales permanecer\u00e1n cerrados, con excepci\u00f3n del camping AREQUITA que permanecer\u00e1 abierto en horario de 09:00 a 18.00, con aforo de 500 personas, no se permitir\u00e1 acampar de noche.<\/h3>\n<h3>* En lo que respecta a la actividad comercial de los restaurantes, bares, pubs y comercios similares no se podr\u00e1 extender la apertura de los mismos m\u00e1s all\u00e1 de la medianoche.<\/h3>\n<h3>El control del cumplimiento de estas disposiciones lo estar\u00e1 realizando a diario la Polic\u00eda articulando acciones con funcionarios de la Intendencia Departamental y otros organismos del Estado.<\/h3>\n<h3>Por otra parte se encomienda a aquellos ciudadanos que hayan tenido contacto y sospechen o presenten s\u00edntomas a realizar las consultas pertinentes por los tel\u00e9fonos:<\/h3>\n<h3>MSP 0800 1919<\/h3>\n<h3>Whatsapp 098999999<\/h3>\n<h3>Messenger: @MSPUruguay<\/h3>\n<h3><\/h3>\n<p>&nbsp;<\/p>\n","protected":false},"excerpt":{"rendered":"<p>A modo de reforzar la exhortaci\u00f3n para evitar el contagio del COVID-19, el gobierno departamental anunci\u00f3 las medidas para la pr\u00f3xima Semana de Turismo. Tras la conferencia de prensa realizada el pasado mi\u00e9rcoles, con la participaci\u00f3n del Sr. Intendente, Director de Salud, Director de Higiene y Sub Jefe de Polic\u00eda de Lavalleja se dieron a&#8230;<\/p>\n<p><a rel=\"bookmark\" class=\"decibel-button-text wvc-button wvc-button-size-sm\" href=\"https:\/\/deltafm.com.uy\/sitio\/2021\/03\/25\/emergencia-sanitaria-por-covid-19-se-intensifican-las-medidas-y-los-controles\/\"><small class=\"wvc-button-background-fill\"><\/small><span>continue reading<\/span><\/a><\/p>\n","protected":false},"author":2,"featured_media":8844,"comment_status":"open","ping_status":"open","sticky":false,"template":"","format":"standard","meta":{"_joinchat":[],"footnotes":""},"categories":[17],"tags":[],"class_list":["post-8843","post","type-post","status-publish","format-standard","has-post-thumbnail","hentry","category-news","entry-post-skin-dark","entry","clearfix","entry-post-module-layout-sidebar-right","thumbnail-color-tone-dark","metro-portrait","entry-post","entry-standard","entry-post-standard"],"_links":{"self":[{"href":"https:\/\/deltafm.com.uy\/sitio\/wp-json\/wp\/v2\/posts\/8843"}],"collection":[{"href":"https:\/\/deltafm.com.uy\/sitio\/wp-json\/wp\/v2\/posts"}],"about":[{"href":"https:\/\/deltafm.com.uy\/sitio\/wp-json\/wp\/v2\/types\/post"}],"author":[{"embeddable":true,"href":"https:\/\/deltafm.com.uy\/sitio\/wp-json\/wp\/v2\/users\/2"}],"replies":[{"embeddable":true,"href":"https:\/\/deltafm.com.uy\/sitio\/wp-json\/wp\/v2\/comments?post=8843"}],"version-history":[{"count":1,"href":"https:\/\/deltafm.com.uy\/sitio\/wp-json\/wp\/v2\/posts\/8843\/revisions"}],"predecessor-version":[{"id":8845,"href":"https:\/\/deltafm.com.uy\/sitio\/wp-json\/wp\/v2\/posts\/8843\/revisions\/8845"}],"wp:featuredmedia":[{"embeddable":true,"href":"https:\/\/deltafm.com.uy\/sitio\/wp-json\/wp\/v2\/media\/8844"}],"wp:attachment":[{"href":"https:\/\/deltafm.com.uy\/sitio\/wp-json\/wp\/v2\/media?parent=8843"}],"wp:term":[{"taxonomy":"category","embeddable":true,"href":"https:\/\/deltafm.com.uy\/sitio\/wp-json\/wp\/v2\/categories?post=8843"},{"taxonomy":"post_tag","embeddable":true,"href":"https:\/\/deltafm.com.uy\/sitio\/wp-json\/wp\/v2\/tags?post=8843"}],"curies":[{"name":"wp","href":"https:\/\/api.w.org\/{rel}","templated":true}]}}