{"id":8864,"date":"2021-03-29T17:23:52","date_gmt":"2021-03-29T17:23:52","guid":{"rendered":"https:\/\/deltafm.com.uy\/sitio\/?p=8864"},"modified":"2021-03-29T17:23:52","modified_gmt":"2021-03-29T17:23:52","slug":"intensivistas-piden-las-medidas-necesarias-para-que-este-desastre-no-sea-brutal","status":"publish","type":"post","link":"https:\/\/deltafm.com.uy\/sitio\/2021\/03\/29\/intensivistas-piden-las-medidas-necesarias-para-que-este-desastre-no-sea-brutal\/","title":{"rendered":"Intensivistas piden \u00ablas medidas necesarias para que este desastre no sea brutal\u00bb"},"content":{"rendered":"<h3>La vicepresidenta de la Sociedad de Medicina Intensiva exhort\u00f3 a la poblaci\u00f3n que \u00abvuelva a hacer lo de marzo 2020\u00bb.<\/h3>\n<article class=\"article-body first\">\n<div class=\"article-content selectionShareable\">\n<div class=\"cuerpo\" data-twitter-link=\"https:\/\/www.subrayado.com.uy\/c733445\">\n<h3>La Sociedad Uruguaya de Medicina Intensiva se\u00f1ala que varios<strong>\u00a0<a class=\"agrupador\" href=\"https:\/\/www.subrayado.com.uy\/cti-a9493\" rel=\"9493\">CTI<\/a><\/strong>\u00a0del pa\u00eds est\u00e1n saturados y se alcanz\u00f3 el nivel rojo de ocupaci\u00f3n.<\/h3>\n<\/div>\n<\/div>\n<\/article>\n<article class=\"article-body\">\n<div class=\"article-content selectionShareable\">\n<div class=\"cuerpo\">\n<h3>Este domingo ingresaron a CTI por\u00a0<a class=\"agrupador\" href=\"https:\/\/www.subrayado.com.uy\/coronavirus-a8923\" rel=\"8923\">coronavirus<\/a>\u00a029 pacientes, con lo que se alcanz\u00f3 la cifra de 295 personas en cuidados intensivos por esa enfermedad, un 35,6% del total de camas.<\/h3>\n<h3>Adem\u00e1s, se inform\u00f3 que la ocupaci\u00f3n total de CTI lleg\u00f3 a 67,7%, 560 camas ocupadas de un total de 827.<\/h3>\n<h3>En estas horas Mariana Noya, vicepresidenta de la Sociedad Uruguaya de Medicina Intensiva, asegur\u00f3 en\u00a0<a class=\"agrupador\" href=\"https:\/\/www.subrayado.com.uy\/twitter-a145\" rel=\"145\">Twitter<\/a>\u00a0que \u201cmuchos CTI de nuestro pa\u00eds ya se saturaron y en los pr\u00f3ximos d\u00edas muchos m\u00e1s lo estar\u00e1n&#8230;Por eso pedimos a las autoridades que tomen las medidas necesarias para que este desastre no sea tan brutal, y a cada uno de ustedes vuelvan a hacer lo de marzo 2020 por favor!\u201d, pidi\u00f3 Noya.<\/h3>\n<h3>Escribi\u00f3 este domingo en un hilo de Twiter e inst\u00f3 a mantener burbuja\/ disminuir al m\u00e1ximo tu interacci\u00f3n \/ lavado de manos ,alcohol gel \/ cubre boca y nariz.<\/h3>\n<\/div>\n<\/div>\n<\/article>\n","protected":false},"excerpt":{"rendered":"<p>La vicepresidenta de la Sociedad de Medicina Intensiva exhort\u00f3 a la poblaci\u00f3n que \u00abvuelva a hacer lo de marzo 2020\u00bb. La Sociedad Uruguaya de Medicina Intensiva se\u00f1ala que varios\u00a0CTI\u00a0del pa\u00eds est\u00e1n saturados y se alcanz\u00f3 el nivel rojo de ocupaci\u00f3n. Este domingo ingresaron a CTI por\u00a0coronavirus\u00a029 pacientes, con lo que se alcanz\u00f3 la cifra de&#8230;<\/p>\n<p><a rel=\"bookmark\" class=\"decibel-button-text wvc-button wvc-button-size-sm\" href=\"https:\/\/deltafm.com.uy\/sitio\/2021\/03\/29\/intensivistas-piden-las-medidas-necesarias-para-que-este-desastre-no-sea-brutal\/\"><small class=\"wvc-button-background-fill\"><\/small><span>continue reading<\/span><\/a><\/p>\n","protected":false},"author":2,"featured_media":8865,"comment_status":"open","ping_status":"open","sticky":false,"template":"","format":"standard","meta":{"_joinchat":[],"footnotes":""},"categories":[17],"tags":[],"class_list":["post-8864","post","type-post","status-publish","format-standard","has-post-thumbnail","hentry","category-news","entry-post-skin-dark","entry","clearfix","entry-post-module-layout-sidebar-right","thumbnail-color-tone-dark","entry-post","entry-standard","entry-post-standard"],"_links":{"self":[{"href":"https:\/\/deltafm.com.uy\/sitio\/wp-json\/wp\/v2\/posts\/8864"}],"collection":[{"href":"https:\/\/deltafm.com.uy\/sitio\/wp-json\/wp\/v2\/posts"}],"about":[{"href":"https:\/\/deltafm.com.uy\/sitio\/wp-json\/wp\/v2\/types\/post"}],"author":[{"embeddable":true,"href":"https:\/\/deltafm.com.uy\/sitio\/wp-json\/wp\/v2\/users\/2"}],"replies":[{"embeddable":true,"href":"https:\/\/deltafm.com.uy\/sitio\/wp-json\/wp\/v2\/comments?post=8864"}],"version-history":[{"count":1,"href":"https:\/\/deltafm.com.uy\/sitio\/wp-json\/wp\/v2\/posts\/8864\/revisions"}],"predecessor-version":[{"id":8866,"href":"https:\/\/deltafm.com.uy\/sitio\/wp-json\/wp\/v2\/posts\/8864\/revisions\/8866"}],"wp:featuredmedia":[{"embeddable":true,"href":"https:\/\/deltafm.com.uy\/sitio\/wp-json\/wp\/v2\/media\/8865"}],"wp:attachment":[{"href":"https:\/\/deltafm.com.uy\/sitio\/wp-json\/wp\/v2\/media?parent=8864"}],"wp:term":[{"taxonomy":"category","embeddable":true,"href":"https:\/\/deltafm.com.uy\/sitio\/wp-json\/wp\/v2\/categories?post=8864"},{"taxonomy":"post_tag","embeddable":true,"href":"https:\/\/deltafm.com.uy\/sitio\/wp-json\/wp\/v2\/tags?post=8864"}],"curies":[{"name":"wp","href":"https:\/\/api.w.org\/{rel}","templated":true}]}}