{"id":8868,"date":"2021-03-30T15:16:02","date_gmt":"2021-03-30T15:16:02","guid":{"rendered":"https:\/\/deltafm.com.uy\/sitio\/?p=8868"},"modified":"2021-03-30T15:16:02","modified_gmt":"2021-03-30T15:16:02","slug":"tras-luchar-contra-el-covid-19-fallecio-la-mama-de-lucas-torreira","status":"publish","type":"post","link":"https:\/\/deltafm.com.uy\/sitio\/2021\/03\/30\/tras-luchar-contra-el-covid-19-fallecio-la-mama-de-lucas-torreira\/","title":{"rendered":"Tras luchar contra el COVID-19 falleci\u00f3 la mam\u00e1 de Lucas Torreira"},"content":{"rendered":"<h2 id=\"p282141-m308-307-309\" class=\"epigraph \">La madre del futbolista del Atl\u00e9tico de Madrid estaba internada en el CTI de Salto y el jugador ya hab\u00eda viajado a Uruguay en los \u00faltimos d\u00edas.<\/h2>\n<h3 id=\"p282141-m355-354-356\" class=\"paragraph  selectionShareable\"><b>Viviana Di Pascua<\/b>, madre de\u00a0<b><a href=\"https:\/\/www.elpais.com.uy\/noticias\/lucas-torreira\" target=\"_blank\" rel=\"noopener noreferrer\">Lucas Torreira<\/a><\/b>, falleci\u00f3 a los 53 a\u00f1os a causa del\u00a0<a href=\"https:\/\/www.elpais.com.uy\/noticias\/coronavirus\" target=\"_blank\" rel=\"noopener noreferrer\">coronavirus<\/a>\u00a0tras luchar contra esta enfermedad durante varios d\u00edas luego de contraer el virus y ser internada en cuidados intensivos.<\/h3>\n<h3 id=\"p282141-m360-1-361\" class=\"paragraph  selectionShareable\">La mam\u00e1 del jugador del\u00a0<b>Atl\u00e9tico de Madrid<\/b>\u00a0estuvo varios d\u00edas en el CTI de un centro asistencial de la ciudad de\u00a0<b>Salto<\/b>\u00a0hasta que se conoci\u00f3 la lamentable noticia para la familia\u00a0<b>Torreira<\/b>.<\/h3>\n<h3 id=\"p282141-m365-2-366\" class=\"paragraph  selectionShareable\">Lucas viaj\u00f3 en los \u00faltimos d\u00edas a Uruguay con permiso del\u00a0<b>Atl\u00e9tico de Madrid<\/b>\u00a0ya que el volante celeste pidi\u00f3 permiso para venir a su pa\u00eds tras conocer que su madre dio positivo de\u00a0<b><a href=\"https:\/\/www.elpais.com.uy\/noticias\/COVID-19\" target=\"_blank\" rel=\"noopener noreferrer\">COVID-19<\/a><\/b>. El jugador se traslad\u00f3 para estar pendiente de ella y seguir la evoluci\u00f3n de su estado de salud desde cerca.<\/h3>\n<h3 id=\"p282141-m370-3-371\" class=\"paragraph  selectionShareable\">Cabe recordar que el jugador de 25 a\u00f1os curs\u00f3 la enfermedad en noviembre de 2020 a causa del brote que se origin\u00f3 en la\u00a0<b><a href=\"https:\/\/www.ovaciondigital.com.uy\/seleccion\" target=\"_blank\" rel=\"noopener noreferrer\">selecci\u00f3n de Uruguay<\/a><\/b>\u00a0afectando a varios futbolistas, integrantes del cuerpo t\u00e9cnico y otros funcionarios en medio de una doble fecha de\u00a0<b>Eliminatorias<\/b>.<\/h3>\n<h3 id=\"p282141-m375-4-376\" class=\"paragraph  selectionShareable\"><b>Viviana Di Pascua<\/b>\u00a0era hija de\u00a0<b>Edison Di Pascua<\/b>, un legendario futbolista de\u00a0<b>Fray Bentos<\/b>, multicampe\u00f3n con la selecci\u00f3n de\u00a0<b>R\u00edo Negro<\/b>: consigu\u00f3 siete t\u00edtulos del litoral con esa camiseta.<\/h3>\n<h3 id=\"p282141-m380-5-381\" class=\"paragraph  selectionShareable\">M\u00e1s conocido como \u201c<b>Tito<\/b>\u201d, Di Pascua era militante comunista y en su momento, declin\u00f3 una oferta para irse a jugar a\u00a0<b>Italia\u00a0<\/b>para continuar su militancia pol\u00edtica y trabajando en el frigor\u00edfico\u00a0<b>Anglo<\/b>, hoy declarado Patrimonio de la Humanidad.<\/h3>\n<p>&nbsp;<\/p>\n<p>&nbsp;<\/p>\n","protected":false},"excerpt":{"rendered":"<p>La madre del futbolista del Atl\u00e9tico de Madrid estaba internada en el CTI de Salto y el jugador ya hab\u00eda viajado a Uruguay en los \u00faltimos d\u00edas. Viviana Di Pascua, madre de\u00a0Lucas Torreira, falleci\u00f3 a los 53 a\u00f1os a causa del\u00a0coronavirus\u00a0tras luchar contra esta enfermedad durante varios d\u00edas luego de contraer el virus y ser&#8230;<\/p>\n<p><a rel=\"bookmark\" class=\"decibel-button-text wvc-button wvc-button-size-sm\" href=\"https:\/\/deltafm.com.uy\/sitio\/2021\/03\/30\/tras-luchar-contra-el-covid-19-fallecio-la-mama-de-lucas-torreira\/\"><small class=\"wvc-button-background-fill\"><\/small><span>continue reading<\/span><\/a><\/p>\n","protected":false},"author":2,"featured_media":8869,"comment_status":"open","ping_status":"open","sticky":false,"template":"","format":"standard","meta":{"_joinchat":[],"footnotes":""},"categories":[17],"tags":[],"class_list":["post-8868","post","type-post","status-publish","format-standard","has-post-thumbnail","hentry","category-news","entry-post-skin-dark","entry","clearfix","entry-post-module-layout-sidebar-right","thumbnail-color-tone-dark","entry-post","entry-standard","entry-post-standard"],"_links":{"self":[{"href":"https:\/\/deltafm.com.uy\/sitio\/wp-json\/wp\/v2\/posts\/8868"}],"collection":[{"href":"https:\/\/deltafm.com.uy\/sitio\/wp-json\/wp\/v2\/posts"}],"about":[{"href":"https:\/\/deltafm.com.uy\/sitio\/wp-json\/wp\/v2\/types\/post"}],"author":[{"embeddable":true,"href":"https:\/\/deltafm.com.uy\/sitio\/wp-json\/wp\/v2\/users\/2"}],"replies":[{"embeddable":true,"href":"https:\/\/deltafm.com.uy\/sitio\/wp-json\/wp\/v2\/comments?post=8868"}],"version-history":[{"count":2,"href":"https:\/\/deltafm.com.uy\/sitio\/wp-json\/wp\/v2\/posts\/8868\/revisions"}],"predecessor-version":[{"id":8871,"href":"https:\/\/deltafm.com.uy\/sitio\/wp-json\/wp\/v2\/posts\/8868\/revisions\/8871"}],"wp:featuredmedia":[{"embeddable":true,"href":"https:\/\/deltafm.com.uy\/sitio\/wp-json\/wp\/v2\/media\/8869"}],"wp:attachment":[{"href":"https:\/\/deltafm.com.uy\/sitio\/wp-json\/wp\/v2\/media?parent=8868"}],"wp:term":[{"taxonomy":"category","embeddable":true,"href":"https:\/\/deltafm.com.uy\/sitio\/wp-json\/wp\/v2\/categories?post=8868"},{"taxonomy":"post_tag","embeddable":true,"href":"https:\/\/deltafm.com.uy\/sitio\/wp-json\/wp\/v2\/tags?post=8868"}],"curies":[{"name":"wp","href":"https:\/\/api.w.org\/{rel}","templated":true}]}}